{"id":4168,"date":"2021-06-16T08:08:56","date_gmt":"2021-06-16T06:08:56","guid":{"rendered":"https:\/\/espeltviticultors.com\/?p=4168"},"modified":"2022-05-19T09:57:14","modified_gmt":"2022-05-19T07:57:14","slug":"saulo-silver-medal-grenaches-du-monde","status":"publish","type":"post","link":"https:\/\/espeltviticultors.com\/en\/saulo-silver-medal-grenaches-du-monde\/","title":{"rendered":"Saul\u00f3, Silver Medal Grenaches du Monde"},"content":{"rendered":"\n<p>We are very happy with a new award for our Saul\u00f3: Silver Medal of <a href=\"https:\/\/www.grenachesdumonde.com\/ca\/edition-2020\/\" target=\"_blank\" rel=\"noreferrer noopener\">Grenaches du Monde<\/a>. Saul\u00f3 is a young wine made from Grenache and Carignan. Born between the plain and the mountains, in the Mediterranean scrub.&#13;\n&#13;\nWild, with aromas of undergrowth, honesty at first glance. We invite you to try it, it goes well even a little cold!&#13;\n&#13;\nBuy it right <a href=\"https:\/\/espeltviticultors.com\/en\/product\/saulo\/\">here<\/a>, we&#8217;ll take it home.<\/p>\n\n<figure class=\"wp-block-image size-large\"><img decoding=\"async\" src=\"https:\/\/espeltviticultors.com\/wp-content\/uploads\/2021\/06\/Afegeix-un-subtitol.jpg\" alt=\"Saul&#xF3; Silver Medal Award Grenaches du Monde\" class=\"wp-image-4161\"\/><\/figure>\n<p><\/p>\n","protected":false},"excerpt":{"rendered":"<p>We are very happy with a new award for our Saul\u00f3: Silver Medal of Grenaches du Monde. Saul\u00f3 is a young wine made from Grenache and Carignan. Born between the plain and the mountains, in the Mediterranean scrub.&#13; &#13; Wild, with aromas of undergrowth, honesty at first glance. We invite you to try it, it [&hellip;]<\/p>\n","protected":false},"author":2,"featured_media":5920,"comment_status":"closed","ping_status":"closed","sticky":false,"template":"","format":"standard","meta":{"footnotes":""},"categories":[225],"tags":[255,256],"class_list":["post-4168","post","type-post","status-publish","format-standard","has-post-thumbnail","hentry","category-awards","tag-awards","tag-grenache"],"yoast_head":"<!-- This site is optimized with the Yoast SEO Premium plugin v19.3 (Yoast SEO v27.4) - https:\/\/yoast.com\/product\/yoast-seo-premium-wordpress\/ -->\n<title>Saul\u00f3, Silver Medal Grenaches du Monde -<\/title>\n<meta name=\"robots\" content=\"index, follow, max-snippet:-1, max-image-preview:large, max-video-preview:-1\" \/>\n<link rel=\"canonical\" href=\"https:\/\/espeltviticultors.com\/en\/saulo-silver-medal-grenaches-du-monde\/\" \/>\n<meta property=\"og:locale\" content=\"en_US\" \/>\n<meta property=\"og:type\" content=\"article\" \/>\n<meta property=\"og:title\" content=\"Saul\u00f3, Silver Medal Grenaches du Monde\" \/>\n<meta property=\"og:description\" content=\"We are very happy with a new award for our Saul\u00f3: Silver Medal of Grenaches du Monde. Saul\u00f3 is a young wine made from Grenache and Carignan. Born between\" \/>\n<meta property=\"og:url\" content=\"https:\/\/espeltviticultors.com\/en\/saulo-silver-medal-grenaches-du-monde\/\" \/>\n<meta property=\"og:site_name\" content=\"Espelt Winegrowers\" \/>\n<meta property=\"article:publisher\" content=\"https:\/\/www.facebook.com\/espelt.viticultors\" \/>\n<meta property=\"article:published_time\" content=\"2021-06-16T06:08:56+00:00\" \/>\n<meta property=\"article:modified_time\" content=\"2022-05-19T07:57:14+00:00\" \/>\n<meta property=\"og:image\" content=\"https:\/\/espeltviticultors.com\/wp-content\/uploads\/2021\/06\/saulo-medalla.png\" \/>\n\t<meta property=\"og:image:width\" content=\"679\" \/>\n\t<meta property=\"og:image:height\" content=\"421\" \/>\n\t<meta property=\"og:image:type\" content=\"image\/png\" \/>\n<meta name=\"author\" content=\"Marina Planella\" \/>\n<meta name=\"twitter:card\" content=\"summary_large_image\" \/>\n<meta name=\"twitter:creator\" content=\"@CellerEspelt\" \/>\n<meta name=\"twitter:site\" content=\"@CellerEspelt\" \/>\n<meta name=\"twitter:label1\" content=\"Written by\" \/>\n\t<meta name=\"twitter:data1\" content=\"Marina Planella\" \/>\n<script type=\"application\/ld+json\" class=\"yoast-schema-graph\">{\"@context\":\"https:\\\/\\\/schema.org\",\"@graph\":[{\"@type\":\"Article\",\"@id\":\"https:\\\/\\\/espeltviticultors.com\\\/en\\\/saulo-silver-medal-grenaches-du-monde\\\/#article\",\"isPartOf\":{\"@id\":\"https:\\\/\\\/espeltviticultors.com\\\/en\\\/saulo-silver-medal-grenaches-du-monde\\\/\"},\"author\":{\"name\":\"Marina Planella\",\"@id\":\"https:\\\/\\\/espeltviticultors.com\\\/#\\\/schema\\\/person\\\/5f5c9de012090df361fdb0b0040a15e1\"},\"headline\":\"Saul\u00f3, Silver Medal Grenaches du Monde\",\"datePublished\":\"2021-06-16T06:08:56+00:00\",\"dateModified\":\"2022-05-19T07:57:14+00:00\",\"mainEntityOfPage\":{\"@id\":\"https:\\\/\\\/espeltviticultors.com\\\/en\\\/saulo-silver-medal-grenaches-du-monde\\\/\"},\"wordCount\":75,\"publisher\":{\"@id\":\"https:\\\/\\\/espeltviticultors.com\\\/#organization\"},\"image\":{\"@id\":\"https:\\\/\\\/espeltviticultors.com\\\/en\\\/saulo-silver-medal-grenaches-du-monde\\\/#primaryimage\"},\"thumbnailUrl\":\"https:\\\/\\\/espeltviticultors.com\\\/wp-content\\\/uploads\\\/2021\\\/06\\\/saulo-medalla.png\",\"keywords\":[\"awards\",\"Grenache\"],\"articleSection\":[\"Awards\"],\"inLanguage\":\"en-US\"},{\"@type\":\"WebPage\",\"@id\":\"https:\\\/\\\/espeltviticultors.com\\\/en\\\/saulo-silver-medal-grenaches-du-monde\\\/\",\"url\":\"https:\\\/\\\/espeltviticultors.com\\\/en\\\/saulo-silver-medal-grenaches-du-monde\\\/\",\"name\":\"Saul\u00f3, Silver Medal Grenaches du Monde -\",\"isPartOf\":{\"@id\":\"https:\\\/\\\/espeltviticultors.com\\\/#website\"},\"primaryImageOfPage\":{\"@id\":\"https:\\\/\\\/espeltviticultors.com\\\/en\\\/saulo-silver-medal-grenaches-du-monde\\\/#primaryimage\"},\"image\":{\"@id\":\"https:\\\/\\\/espeltviticultors.com\\\/en\\\/saulo-silver-medal-grenaches-du-monde\\\/#primaryimage\"},\"thumbnailUrl\":\"https:\\\/\\\/espeltviticultors.com\\\/wp-content\\\/uploads\\\/2021\\\/06\\\/saulo-medalla.png\",\"datePublished\":\"2021-06-16T06:08:56+00:00\",\"dateModified\":\"2022-05-19T07:57:14+00:00\",\"breadcrumb\":{\"@id\":\"https:\\\/\\\/espeltviticultors.com\\\/en\\\/saulo-silver-medal-grenaches-du-monde\\\/#breadcrumb\"},\"inLanguage\":\"en-US\",\"potentialAction\":[{\"@type\":\"ReadAction\",\"target\":[\"https:\\\/\\\/espeltviticultors.com\\\/en\\\/saulo-silver-medal-grenaches-du-monde\\\/\"]}]},{\"@type\":\"ImageObject\",\"inLanguage\":\"en-US\",\"@id\":\"https:\\\/\\\/espeltviticultors.com\\\/en\\\/saulo-silver-medal-grenaches-du-monde\\\/#primaryimage\",\"url\":\"https:\\\/\\\/espeltviticultors.com\\\/wp-content\\\/uploads\\\/2021\\\/06\\\/saulo-medalla.png\",\"contentUrl\":\"https:\\\/\\\/espeltviticultors.com\\\/wp-content\\\/uploads\\\/2021\\\/06\\\/saulo-medalla.png\",\"width\":679,\"height\":421,\"caption\":\"Saul\u00f3 Medalla Grenaches\"},{\"@type\":\"BreadcrumbList\",\"@id\":\"https:\\\/\\\/espeltviticultors.com\\\/en\\\/saulo-silver-medal-grenaches-du-monde\\\/#breadcrumb\",\"itemListElement\":[{\"@type\":\"ListItem\",\"position\":1,\"name\":\"Portada\",\"item\":\"https:\\\/\\\/espeltviticultors.com\\\/en\\\/\"},{\"@type\":\"ListItem\",\"position\":2,\"name\":\"Saul\u00f3, Silver Medal Grenaches du Monde\"}]},{\"@type\":\"WebSite\",\"@id\":\"https:\\\/\\\/espeltviticultors.com\\\/#website\",\"url\":\"https:\\\/\\\/espeltviticultors.com\\\/\",\"name\":\"Espelt Winegrowers\",\"description\":\"Emporda wines and enotourism\",\"publisher\":{\"@id\":\"https:\\\/\\\/espeltviticultors.com\\\/#organization\"},\"potentialAction\":[{\"@type\":\"SearchAction\",\"target\":{\"@type\":\"EntryPoint\",\"urlTemplate\":\"https:\\\/\\\/espeltviticultors.com\\\/?s={search_term_string}\"},\"query-input\":{\"@type\":\"PropertyValueSpecification\",\"valueRequired\":true,\"valueName\":\"search_term_string\"}}],\"inLanguage\":\"en-US\"},{\"@type\":\"Organization\",\"@id\":\"https:\\\/\\\/espeltviticultors.com\\\/#organization\",\"name\":\"Espelt Viticultors - Shop online\",\"url\":\"https:\\\/\\\/espeltviticultors.com\\\/\",\"logo\":{\"@type\":\"ImageObject\",\"inLanguage\":\"en-US\",\"@id\":\"https:\\\/\\\/espeltviticultors.com\\\/#\\\/schema\\\/logo\\\/image\\\/\",\"url\":\"https:\\\/\\\/espeltviticultors.com\\\/wp-content\\\/uploads\\\/2021\\\/02\\\/logo_color_trasparent.png\",\"contentUrl\":\"https:\\\/\\\/espeltviticultors.com\\\/wp-content\\\/uploads\\\/2021\\\/02\\\/logo_color_trasparent.png\",\"width\":818,\"height\":272,\"caption\":\"Espelt Viticultors - Shop online\"},\"image\":{\"@id\":\"https:\\\/\\\/espeltviticultors.com\\\/#\\\/schema\\\/logo\\\/image\\\/\"},\"sameAs\":[\"https:\\\/\\\/www.facebook.com\\\/espelt.viticultors\",\"https:\\\/\\\/x.com\\\/CellerEspelt\",\"https:\\\/\\\/www.instagram.com\\\/cellerespelt\\\/\"]},{\"@type\":\"Person\",\"@id\":\"https:\\\/\\\/espeltviticultors.com\\\/#\\\/schema\\\/person\\\/5f5c9de012090df361fdb0b0040a15e1\",\"name\":\"Marina Planella\"}]}<\/script>\n<!-- \/ Yoast SEO Premium plugin. -->","yoast_head_json":{"title":"Saul\u00f3, Silver Medal Grenaches du Monde -","robots":{"index":"index","follow":"follow","max-snippet":"max-snippet:-1","max-image-preview":"max-image-preview:large","max-video-preview":"max-video-preview:-1"},"canonical":"https:\/\/espeltviticultors.com\/en\/saulo-silver-medal-grenaches-du-monde\/","og_locale":"en_US","og_type":"article","og_title":"Saul\u00f3, Silver Medal Grenaches du Monde","og_description":"We are very happy with a new award for our Saul\u00f3: Silver Medal of Grenaches du Monde. Saul\u00f3 is a young wine made from Grenache and Carignan. Born between","og_url":"https:\/\/espeltviticultors.com\/en\/saulo-silver-medal-grenaches-du-monde\/","og_site_name":"Espelt Winegrowers","article_publisher":"https:\/\/www.facebook.com\/espelt.viticultors","article_published_time":"2021-06-16T06:08:56+00:00","article_modified_time":"2022-05-19T07:57:14+00:00","og_image":[{"width":679,"height":421,"url":"https:\/\/espeltviticultors.com\/wp-content\/uploads\/2021\/06\/saulo-medalla.png","type":"image\/png"}],"author":"Marina Planella","twitter_card":"summary_large_image","twitter_creator":"@CellerEspelt","twitter_site":"@CellerEspelt","twitter_misc":{"Written by":"Marina Planella"},"schema":{"@context":"https:\/\/schema.org","@graph":[{"@type":"Article","@id":"https:\/\/espeltviticultors.com\/en\/saulo-silver-medal-grenaches-du-monde\/#article","isPartOf":{"@id":"https:\/\/espeltviticultors.com\/en\/saulo-silver-medal-grenaches-du-monde\/"},"author":{"name":"Marina Planella","@id":"https:\/\/espeltviticultors.com\/#\/schema\/person\/5f5c9de012090df361fdb0b0040a15e1"},"headline":"Saul\u00f3, Silver Medal Grenaches du Monde","datePublished":"2021-06-16T06:08:56+00:00","dateModified":"2022-05-19T07:57:14+00:00","mainEntityOfPage":{"@id":"https:\/\/espeltviticultors.com\/en\/saulo-silver-medal-grenaches-du-monde\/"},"wordCount":75,"publisher":{"@id":"https:\/\/espeltviticultors.com\/#organization"},"image":{"@id":"https:\/\/espeltviticultors.com\/en\/saulo-silver-medal-grenaches-du-monde\/#primaryimage"},"thumbnailUrl":"https:\/\/espeltviticultors.com\/wp-content\/uploads\/2021\/06\/saulo-medalla.png","keywords":["awards","Grenache"],"articleSection":["Awards"],"inLanguage":"en-US"},{"@type":"WebPage","@id":"https:\/\/espeltviticultors.com\/en\/saulo-silver-medal-grenaches-du-monde\/","url":"https:\/\/espeltviticultors.com\/en\/saulo-silver-medal-grenaches-du-monde\/","name":"Saul\u00f3, Silver Medal Grenaches du Monde -","isPartOf":{"@id":"https:\/\/espeltviticultors.com\/#website"},"primaryImageOfPage":{"@id":"https:\/\/espeltviticultors.com\/en\/saulo-silver-medal-grenaches-du-monde\/#primaryimage"},"image":{"@id":"https:\/\/espeltviticultors.com\/en\/saulo-silver-medal-grenaches-du-monde\/#primaryimage"},"thumbnailUrl":"https:\/\/espeltviticultors.com\/wp-content\/uploads\/2021\/06\/saulo-medalla.png","datePublished":"2021-06-16T06:08:56+00:00","dateModified":"2022-05-19T07:57:14+00:00","breadcrumb":{"@id":"https:\/\/espeltviticultors.com\/en\/saulo-silver-medal-grenaches-du-monde\/#breadcrumb"},"inLanguage":"en-US","potentialAction":[{"@type":"ReadAction","target":["https:\/\/espeltviticultors.com\/en\/saulo-silver-medal-grenaches-du-monde\/"]}]},{"@type":"ImageObject","inLanguage":"en-US","@id":"https:\/\/espeltviticultors.com\/en\/saulo-silver-medal-grenaches-du-monde\/#primaryimage","url":"https:\/\/espeltviticultors.com\/wp-content\/uploads\/2021\/06\/saulo-medalla.png","contentUrl":"https:\/\/espeltviticultors.com\/wp-content\/uploads\/2021\/06\/saulo-medalla.png","width":679,"height":421,"caption":"Saul\u00f3 Medalla Grenaches"},{"@type":"BreadcrumbList","@id":"https:\/\/espeltviticultors.com\/en\/saulo-silver-medal-grenaches-du-monde\/#breadcrumb","itemListElement":[{"@type":"ListItem","position":1,"name":"Portada","item":"https:\/\/espeltviticultors.com\/en\/"},{"@type":"ListItem","position":2,"name":"Saul\u00f3, Silver Medal Grenaches du Monde"}]},{"@type":"WebSite","@id":"https:\/\/espeltviticultors.com\/#website","url":"https:\/\/espeltviticultors.com\/","name":"Espelt Winegrowers","description":"Emporda wines and enotourism","publisher":{"@id":"https:\/\/espeltviticultors.com\/#organization"},"potentialAction":[{"@type":"SearchAction","target":{"@type":"EntryPoint","urlTemplate":"https:\/\/espeltviticultors.com\/?s={search_term_string}"},"query-input":{"@type":"PropertyValueSpecification","valueRequired":true,"valueName":"search_term_string"}}],"inLanguage":"en-US"},{"@type":"Organization","@id":"https:\/\/espeltviticultors.com\/#organization","name":"Espelt Viticultors - Shop online","url":"https:\/\/espeltviticultors.com\/","logo":{"@type":"ImageObject","inLanguage":"en-US","@id":"https:\/\/espeltviticultors.com\/#\/schema\/logo\/image\/","url":"https:\/\/espeltviticultors.com\/wp-content\/uploads\/2021\/02\/logo_color_trasparent.png","contentUrl":"https:\/\/espeltviticultors.com\/wp-content\/uploads\/2021\/02\/logo_color_trasparent.png","width":818,"height":272,"caption":"Espelt Viticultors - Shop online"},"image":{"@id":"https:\/\/espeltviticultors.com\/#\/schema\/logo\/image\/"},"sameAs":["https:\/\/www.facebook.com\/espelt.viticultors","https:\/\/x.com\/CellerEspelt","https:\/\/www.instagram.com\/cellerespelt\/"]},{"@type":"Person","@id":"https:\/\/espeltviticultors.com\/#\/schema\/person\/5f5c9de012090df361fdb0b0040a15e1","name":"Marina Planella"}]}},"_links":{"self":[{"href":"https:\/\/espeltviticultors.com\/en\/wp-json\/wp\/v2\/posts\/4168","targetHints":{"allow":["GET"]}}],"collection":[{"href":"https:\/\/espeltviticultors.com\/en\/wp-json\/wp\/v2\/posts"}],"about":[{"href":"https:\/\/espeltviticultors.com\/en\/wp-json\/wp\/v2\/types\/post"}],"author":[{"embeddable":true,"href":"https:\/\/espeltviticultors.com\/en\/wp-json\/wp\/v2\/users\/2"}],"replies":[{"embeddable":true,"href":"https:\/\/espeltviticultors.com\/en\/wp-json\/wp\/v2\/comments?post=4168"}],"version-history":[{"count":3,"href":"https:\/\/espeltviticultors.com\/en\/wp-json\/wp\/v2\/posts\/4168\/revisions"}],"predecessor-version":[{"id":5960,"href":"https:\/\/espeltviticultors.com\/en\/wp-json\/wp\/v2\/posts\/4168\/revisions\/5960"}],"wp:featuredmedia":[{"embeddable":true,"href":"https:\/\/espeltviticultors.com\/en\/wp-json\/wp\/v2\/media\/5920"}],"wp:attachment":[{"href":"https:\/\/espeltviticultors.com\/en\/wp-json\/wp\/v2\/media?parent=4168"}],"wp:term":[{"taxonomy":"category","embeddable":true,"href":"https:\/\/espeltviticultors.com\/en\/wp-json\/wp\/v2\/categories?post=4168"},{"taxonomy":"post_tag","embeddable":true,"href":"https:\/\/espeltviticultors.com\/en\/wp-json\/wp\/v2\/tags?post=4168"}],"curies":[{"name":"wp","href":"https:\/\/api.w.org\/{rel}","templated":true}]}}