{"id":4846,"date":"2021-11-17T16:11:32","date_gmt":"2021-11-17T15:11:32","guid":{"rendered":"https:\/\/espeltviticultors.com\/?p=4846"},"modified":"2023-08-31T11:10:46","modified_gmt":"2023-08-31T09:10:46","slug":"per-que-reconstruim-les-parets-de-pedra-seca","status":"publish","type":"post","link":"https:\/\/espeltviticultors.com\/es\/per-que-reconstruim-les-parets-de-pedra-seca\/","title":{"rendered":"\u00bfPor qu\u00e9 reconstruimos las paredes de piedra seca?"},"content":{"rendered":"\n<h2 class=\"wp-block-heading\" id=\"h-la-pedra-seca-forma-part-del-nostre-paisatge-una-de-les-raons-perque-reconstruim-les-parets-de-pedra-seca-del-19-al-28-de-novembre-te-lloc-la-setmana-de-la-pedra-seca-mes-de-100-activitats-organitzades-arreu-del-territori-dels-paisos-catalans-per-donar-a-coneixer-aquesta-patrimoni-cultural\">La piedra seca forma parte de nuestro paisaje, una de las razones para reconstruir las paredes de piedra seca. Del 19 al 28 de noviembre tiene lugar la Semana de la Piedra Seca. M\u00e1s de 100 actividades organizadas en todo el territorio de los Pa\u00efsos Catalans para dar a conocer este patrimonio cultural.<\/h2>\n\n<p><a href=\"https:\/\/espeltviticultors.com\/wp-content\/uploads\/2021\/07\/WhatsApp-Image-2021-07-06-at-11.49.11.jpeg\"><img loading=\"lazy\" decoding=\"async\" src=\"https:\/\/espeltviticultors.com\/wp-content\/uploads\/2021\/07\/WhatsApp-Image-2021-07-06-at-11.49.11.jpeg\" alt=\"pedra seca\" width=\"1600\" height=\"1062\"\/><\/a><\/p>\n\n<p>Esta semana se celebra la 2a edici\u00f3n de la Semana de la Piedra Seca. M\u00e1s de 100 actividades que reivindican, actualizan y ponen en el centro estos espacios de arquitectura popular y biodiversidad. Las jornadas, organizadas por diversas entidades de todo el territorio, son un buen punto de partida si deseas conocer m\u00e1s sobre estas construcciones rurales.<\/p>\n\n<p>La piedra seca es una t\u00e9cnica antigua de separar campos, pero tambi\u00e9n ganar espacio de cultivo en terrenos irregulares. Adem\u00e1s, con los a\u00f1os hemos ido viendo que los vi\u00f1edos que ten\u00edan paredes de piedra seca cerca eran m\u00e1s resilientes y con mayor biodiversidad, ya que los agujeros entre piedras son madrigueras naturales para todo tipo de especies insect\u00edvoras y peque\u00f1os reptiles, anfibios , aves. En Mas Mar\u00e9s <a href=\"https:\/\/espeltviticultors.com\/es\/nosotros\/\" rel=\"noopener\" target=\"_blank\">hemos reconstruido<\/a> m\u00e1s de 3000 m de muros de piedra seca porque forma parte del nuestro paisaje y nuestro patrimonio, pero sobre todo porque son refugio de un ecosistema rico y poderoso.<\/p>\n\n<p>Participa en la Semana de la Piedra Seca, hay m\u00e1s de 40 salidas programadas, m\u00e1s de 20 formaciones y m\u00e1s de 30 actos de divulgaci\u00f3n en los Pa\u00efsos Catalans. Tambi\u00e9n puedes venir a conocer nuestros vi\u00f1edos siempre que lo desees y saber de primera mano por qu\u00e9 reconstruimos las paredes de piedra seca.<\/p>\n\n<p>Tiene la agenda de actividades y el mapa de localizaciones en la web de la <a href=\"https:\/\/www.collaboraxpaisatge.cat\/setmana-de-la-pedra-seca\/\" target=\"_blank\" rel=\"noopener\">Semana de la Piedra Seca<\/a>. \u00a1No faltes!<\/p>\n","protected":false},"excerpt":{"rendered":"<p>La piedra seca forma parte de nuestro paisaje, una de las razones para reconstruir las paredes de piedra seca. Del 19 al 28 de noviembre tiene lugar la Semana de la Piedra Seca. M\u00e1s de 100 actividades organizadas en todo el territorio de los Pa\u00efsos Catalans para dar a conocer este patrimonio cultural. Esta semana [&hellip;]<\/p>\n","protected":false},"author":2,"featured_media":5949,"comment_status":"closed","ping_status":"open","sticky":false,"template":"","format":"standard","meta":{"footnotes":""},"categories":[206,205],"tags":[246,247,274,213],"class_list":["post-4846","post","type-post","status-publish","format-standard","has-post-thumbnail","hentry","category-espelt-cultura","category-viticultura-es","tag-cap-de-creus-es","tag-mas-mares-es","tag-pedra-seca-es","tag-sostenibilidad"],"yoast_head":"<!-- This site is optimized with the Yoast SEO Premium plugin v19.3 (Yoast SEO v27.4) - https:\/\/yoast.com\/product\/yoast-seo-premium-wordpress\/ -->\n<title>\u00bfPor qu\u00e9 reconstruimos las paredes de piedra seca? -<\/title>\n<meta name=\"description\" content=\"Las paredes de piedra seca son nuestro paisaje. Del 19 al 28 de noviembre tiene lugar la Semana de la Piedra Seca. Patrimonio cultural y ecol\u00f3gico\" \/>\n<meta name=\"robots\" content=\"index, follow, max-snippet:-1, max-image-preview:large, max-video-preview:-1\" \/>\n<link rel=\"canonical\" href=\"https:\/\/espeltviticultors.com\/es\/per-que-reconstruim-les-parets-de-pedra-seca\/\" \/>\n<meta property=\"og:locale\" content=\"es_ES\" \/>\n<meta property=\"og:type\" content=\"article\" \/>\n<meta property=\"og:title\" content=\"\u00bfPor qu\u00e9 reconstruimos las paredes de piedra seca?\" \/>\n<meta property=\"og:description\" content=\"La piedra seca forma parte de nuestro paisaje, una de las razones para reconstruir las paredes de piedra seca. Del 19 al 28 de noviembre tiene lugar la\" \/>\n<meta property=\"og:url\" content=\"https:\/\/espeltviticultors.com\/es\/per-que-reconstruim-les-parets-de-pedra-seca\/\" \/>\n<meta property=\"og:site_name\" content=\"Espelt Viticultores\" \/>\n<meta property=\"article:publisher\" content=\"https:\/\/www.facebook.com\/espelt.viticultors\" \/>\n<meta property=\"article:published_time\" content=\"2021-11-17T15:11:32+00:00\" \/>\n<meta property=\"article:modified_time\" content=\"2023-08-31T09:10:46+00:00\" \/>\n<meta property=\"og:image\" content=\"https:\/\/espeltviticultors.com\/wp-content\/uploads\/2021\/11\/pedra-seca-680x420-1.jpg\" \/>\n\t<meta property=\"og:image:width\" content=\"680\" \/>\n\t<meta property=\"og:image:height\" content=\"420\" \/>\n\t<meta property=\"og:image:type\" content=\"image\/jpeg\" \/>\n<meta name=\"author\" content=\"Marina Planella\" \/>\n<meta name=\"twitter:card\" content=\"summary_large_image\" \/>\n<meta name=\"twitter:creator\" content=\"@CellerEspelt\" \/>\n<meta name=\"twitter:site\" content=\"@CellerEspelt\" \/>\n<meta name=\"twitter:label1\" content=\"Escrito por\" \/>\n\t<meta name=\"twitter:data1\" content=\"Marina Planella\" \/>\n\t<meta name=\"twitter:label2\" content=\"Tiempo de lectura\" \/>\n\t<meta name=\"twitter:data2\" content=\"2 minutos\" \/>\n<script type=\"application\/ld+json\" class=\"yoast-schema-graph\">{\"@context\":\"https:\\\/\\\/schema.org\",\"@graph\":[{\"@type\":\"Article\",\"@id\":\"https:\\\/\\\/espeltviticultors.com\\\/es\\\/per-que-reconstruim-les-parets-de-pedra-seca\\\/#article\",\"isPartOf\":{\"@id\":\"https:\\\/\\\/espeltviticultors.com\\\/es\\\/per-que-reconstruim-les-parets-de-pedra-seca\\\/\"},\"author\":{\"name\":\"Marina Planella\",\"@id\":\"https:\\\/\\\/espeltviticultors.com\\\/#\\\/schema\\\/person\\\/5f5c9de012090df361fdb0b0040a15e1\"},\"headline\":\"\u00bfPor qu\u00e9 reconstruimos las paredes de piedra seca?\",\"datePublished\":\"2021-11-17T15:11:32+00:00\",\"dateModified\":\"2023-08-31T09:10:46+00:00\",\"mainEntityOfPage\":{\"@id\":\"https:\\\/\\\/espeltviticultors.com\\\/es\\\/per-que-reconstruim-les-parets-de-pedra-seca\\\/\"},\"wordCount\":306,\"publisher\":{\"@id\":\"https:\\\/\\\/espeltviticultors.com\\\/#organization\"},\"image\":{\"@id\":\"https:\\\/\\\/espeltviticultors.com\\\/es\\\/per-que-reconstruim-les-parets-de-pedra-seca\\\/#primaryimage\"},\"thumbnailUrl\":\"https:\\\/\\\/espeltviticultors.com\\\/wp-content\\\/uploads\\\/2021\\\/11\\\/pedra-seca-680x420-1.jpg\",\"keywords\":[\"cap de creus\",\"Mas Mar\u00e9s\",\"pedra seca\",\"Sostenibilidad\"],\"articleSection\":[\"Espelt Cultura\",\"Viticultura\"],\"inLanguage\":\"es\"},{\"@type\":\"WebPage\",\"@id\":\"https:\\\/\\\/espeltviticultors.com\\\/es\\\/per-que-reconstruim-les-parets-de-pedra-seca\\\/\",\"url\":\"https:\\\/\\\/espeltviticultors.com\\\/es\\\/per-que-reconstruim-les-parets-de-pedra-seca\\\/\",\"name\":\"\u00bfPor qu\u00e9 reconstruimos las paredes de piedra seca? -\",\"isPartOf\":{\"@id\":\"https:\\\/\\\/espeltviticultors.com\\\/#website\"},\"primaryImageOfPage\":{\"@id\":\"https:\\\/\\\/espeltviticultors.com\\\/es\\\/per-que-reconstruim-les-parets-de-pedra-seca\\\/#primaryimage\"},\"image\":{\"@id\":\"https:\\\/\\\/espeltviticultors.com\\\/es\\\/per-que-reconstruim-les-parets-de-pedra-seca\\\/#primaryimage\"},\"thumbnailUrl\":\"https:\\\/\\\/espeltviticultors.com\\\/wp-content\\\/uploads\\\/2021\\\/11\\\/pedra-seca-680x420-1.jpg\",\"datePublished\":\"2021-11-17T15:11:32+00:00\",\"dateModified\":\"2023-08-31T09:10:46+00:00\",\"description\":\"Las paredes de piedra seca son nuestro paisaje. Del 19 al 28 de noviembre tiene lugar la Semana de la Piedra Seca. Patrimonio cultural y ecol\u00f3gico\",\"breadcrumb\":{\"@id\":\"https:\\\/\\\/espeltviticultors.com\\\/es\\\/per-que-reconstruim-les-parets-de-pedra-seca\\\/#breadcrumb\"},\"inLanguage\":\"es\",\"potentialAction\":[{\"@type\":\"ReadAction\",\"target\":[\"https:\\\/\\\/espeltviticultors.com\\\/es\\\/per-que-reconstruim-les-parets-de-pedra-seca\\\/\"]}]},{\"@type\":\"ImageObject\",\"inLanguage\":\"es\",\"@id\":\"https:\\\/\\\/espeltviticultors.com\\\/es\\\/per-que-reconstruim-les-parets-de-pedra-seca\\\/#primaryimage\",\"url\":\"https:\\\/\\\/espeltviticultors.com\\\/wp-content\\\/uploads\\\/2021\\\/11\\\/pedra-seca-680x420-1.jpg\",\"contentUrl\":\"https:\\\/\\\/espeltviticultors.com\\\/wp-content\\\/uploads\\\/2021\\\/11\\\/pedra-seca-680x420-1.jpg\",\"width\":680,\"height\":420,\"caption\":\"pedra seca\"},{\"@type\":\"BreadcrumbList\",\"@id\":\"https:\\\/\\\/espeltviticultors.com\\\/es\\\/per-que-reconstruim-les-parets-de-pedra-seca\\\/#breadcrumb\",\"itemListElement\":[{\"@type\":\"ListItem\",\"position\":1,\"name\":\"Portada\",\"item\":\"https:\\\/\\\/espeltviticultors.com\\\/es\\\/\"},{\"@type\":\"ListItem\",\"position\":2,\"name\":\"\u00bfPor qu\u00e9 reconstruimos las paredes de piedra seca?\"}]},{\"@type\":\"WebSite\",\"@id\":\"https:\\\/\\\/espeltviticultors.com\\\/#website\",\"url\":\"https:\\\/\\\/espeltviticultors.com\\\/\",\"name\":\"Espelt Viticultores\",\"description\":\"Vinos del Empord\u00e0 i enoturismo\",\"publisher\":{\"@id\":\"https:\\\/\\\/espeltviticultors.com\\\/#organization\"},\"potentialAction\":[{\"@type\":\"SearchAction\",\"target\":{\"@type\":\"EntryPoint\",\"urlTemplate\":\"https:\\\/\\\/espeltviticultors.com\\\/?s={search_term_string}\"},\"query-input\":{\"@type\":\"PropertyValueSpecification\",\"valueRequired\":true,\"valueName\":\"search_term_string\"}}],\"inLanguage\":\"es\"},{\"@type\":\"Organization\",\"@id\":\"https:\\\/\\\/espeltviticultors.com\\\/#organization\",\"name\":\"Espelt Viticultors - tienda online\",\"url\":\"https:\\\/\\\/espeltviticultors.com\\\/\",\"logo\":{\"@type\":\"ImageObject\",\"inLanguage\":\"es\",\"@id\":\"https:\\\/\\\/espeltviticultors.com\\\/#\\\/schema\\\/logo\\\/image\\\/\",\"url\":\"https:\\\/\\\/espeltviticultors.com\\\/wp-content\\\/uploads\\\/2021\\\/02\\\/logo_color_trasparent.png\",\"contentUrl\":\"https:\\\/\\\/espeltviticultors.com\\\/wp-content\\\/uploads\\\/2021\\\/02\\\/logo_color_trasparent.png\",\"width\":818,\"height\":272,\"caption\":\"Espelt Viticultors - tienda online\"},\"image\":{\"@id\":\"https:\\\/\\\/espeltviticultors.com\\\/#\\\/schema\\\/logo\\\/image\\\/\"},\"sameAs\":[\"https:\\\/\\\/www.facebook.com\\\/espelt.viticultors\",\"https:\\\/\\\/x.com\\\/CellerEspelt\",\"https:\\\/\\\/www.instagram.com\\\/cellerespelt\\\/\"]},{\"@type\":\"Person\",\"@id\":\"https:\\\/\\\/espeltviticultors.com\\\/#\\\/schema\\\/person\\\/5f5c9de012090df361fdb0b0040a15e1\",\"name\":\"Marina Planella\"}]}<\/script>\n<!-- \/ Yoast SEO Premium plugin. -->","yoast_head_json":{"title":"\u00bfPor qu\u00e9 reconstruimos las paredes de piedra seca? -","description":"Las paredes de piedra seca son nuestro paisaje. Del 19 al 28 de noviembre tiene lugar la Semana de la Piedra Seca. Patrimonio cultural y ecol\u00f3gico","robots":{"index":"index","follow":"follow","max-snippet":"max-snippet:-1","max-image-preview":"max-image-preview:large","max-video-preview":"max-video-preview:-1"},"canonical":"https:\/\/espeltviticultors.com\/es\/per-que-reconstruim-les-parets-de-pedra-seca\/","og_locale":"es_ES","og_type":"article","og_title":"\u00bfPor qu\u00e9 reconstruimos las paredes de piedra seca?","og_description":"La piedra seca forma parte de nuestro paisaje, una de las razones para reconstruir las paredes de piedra seca. Del 19 al 28 de noviembre tiene lugar la","og_url":"https:\/\/espeltviticultors.com\/es\/per-que-reconstruim-les-parets-de-pedra-seca\/","og_site_name":"Espelt Viticultores","article_publisher":"https:\/\/www.facebook.com\/espelt.viticultors","article_published_time":"2021-11-17T15:11:32+00:00","article_modified_time":"2023-08-31T09:10:46+00:00","og_image":[{"width":680,"height":420,"url":"https:\/\/espeltviticultors.com\/wp-content\/uploads\/2021\/11\/pedra-seca-680x420-1.jpg","type":"image\/jpeg"}],"author":"Marina Planella","twitter_card":"summary_large_image","twitter_creator":"@CellerEspelt","twitter_site":"@CellerEspelt","twitter_misc":{"Escrito por":"Marina Planella","Tiempo de lectura":"2 minutos"},"schema":{"@context":"https:\/\/schema.org","@graph":[{"@type":"Article","@id":"https:\/\/espeltviticultors.com\/es\/per-que-reconstruim-les-parets-de-pedra-seca\/#article","isPartOf":{"@id":"https:\/\/espeltviticultors.com\/es\/per-que-reconstruim-les-parets-de-pedra-seca\/"},"author":{"name":"Marina Planella","@id":"https:\/\/espeltviticultors.com\/#\/schema\/person\/5f5c9de012090df361fdb0b0040a15e1"},"headline":"\u00bfPor qu\u00e9 reconstruimos las paredes de piedra seca?","datePublished":"2021-11-17T15:11:32+00:00","dateModified":"2023-08-31T09:10:46+00:00","mainEntityOfPage":{"@id":"https:\/\/espeltviticultors.com\/es\/per-que-reconstruim-les-parets-de-pedra-seca\/"},"wordCount":306,"publisher":{"@id":"https:\/\/espeltviticultors.com\/#organization"},"image":{"@id":"https:\/\/espeltviticultors.com\/es\/per-que-reconstruim-les-parets-de-pedra-seca\/#primaryimage"},"thumbnailUrl":"https:\/\/espeltviticultors.com\/wp-content\/uploads\/2021\/11\/pedra-seca-680x420-1.jpg","keywords":["cap de creus","Mas Mar\u00e9s","pedra seca","Sostenibilidad"],"articleSection":["Espelt Cultura","Viticultura"],"inLanguage":"es"},{"@type":"WebPage","@id":"https:\/\/espeltviticultors.com\/es\/per-que-reconstruim-les-parets-de-pedra-seca\/","url":"https:\/\/espeltviticultors.com\/es\/per-que-reconstruim-les-parets-de-pedra-seca\/","name":"\u00bfPor qu\u00e9 reconstruimos las paredes de piedra seca? -","isPartOf":{"@id":"https:\/\/espeltviticultors.com\/#website"},"primaryImageOfPage":{"@id":"https:\/\/espeltviticultors.com\/es\/per-que-reconstruim-les-parets-de-pedra-seca\/#primaryimage"},"image":{"@id":"https:\/\/espeltviticultors.com\/es\/per-que-reconstruim-les-parets-de-pedra-seca\/#primaryimage"},"thumbnailUrl":"https:\/\/espeltviticultors.com\/wp-content\/uploads\/2021\/11\/pedra-seca-680x420-1.jpg","datePublished":"2021-11-17T15:11:32+00:00","dateModified":"2023-08-31T09:10:46+00:00","description":"Las paredes de piedra seca son nuestro paisaje. Del 19 al 28 de noviembre tiene lugar la Semana de la Piedra Seca. Patrimonio cultural y ecol\u00f3gico","breadcrumb":{"@id":"https:\/\/espeltviticultors.com\/es\/per-que-reconstruim-les-parets-de-pedra-seca\/#breadcrumb"},"inLanguage":"es","potentialAction":[{"@type":"ReadAction","target":["https:\/\/espeltviticultors.com\/es\/per-que-reconstruim-les-parets-de-pedra-seca\/"]}]},{"@type":"ImageObject","inLanguage":"es","@id":"https:\/\/espeltviticultors.com\/es\/per-que-reconstruim-les-parets-de-pedra-seca\/#primaryimage","url":"https:\/\/espeltviticultors.com\/wp-content\/uploads\/2021\/11\/pedra-seca-680x420-1.jpg","contentUrl":"https:\/\/espeltviticultors.com\/wp-content\/uploads\/2021\/11\/pedra-seca-680x420-1.jpg","width":680,"height":420,"caption":"pedra seca"},{"@type":"BreadcrumbList","@id":"https:\/\/espeltviticultors.com\/es\/per-que-reconstruim-les-parets-de-pedra-seca\/#breadcrumb","itemListElement":[{"@type":"ListItem","position":1,"name":"Portada","item":"https:\/\/espeltviticultors.com\/es\/"},{"@type":"ListItem","position":2,"name":"\u00bfPor qu\u00e9 reconstruimos las paredes de piedra seca?"}]},{"@type":"WebSite","@id":"https:\/\/espeltviticultors.com\/#website","url":"https:\/\/espeltviticultors.com\/","name":"Espelt Viticultores","description":"Vinos del Empord\u00e0 i enoturismo","publisher":{"@id":"https:\/\/espeltviticultors.com\/#organization"},"potentialAction":[{"@type":"SearchAction","target":{"@type":"EntryPoint","urlTemplate":"https:\/\/espeltviticultors.com\/?s={search_term_string}"},"query-input":{"@type":"PropertyValueSpecification","valueRequired":true,"valueName":"search_term_string"}}],"inLanguage":"es"},{"@type":"Organization","@id":"https:\/\/espeltviticultors.com\/#organization","name":"Espelt Viticultors - tienda online","url":"https:\/\/espeltviticultors.com\/","logo":{"@type":"ImageObject","inLanguage":"es","@id":"https:\/\/espeltviticultors.com\/#\/schema\/logo\/image\/","url":"https:\/\/espeltviticultors.com\/wp-content\/uploads\/2021\/02\/logo_color_trasparent.png","contentUrl":"https:\/\/espeltviticultors.com\/wp-content\/uploads\/2021\/02\/logo_color_trasparent.png","width":818,"height":272,"caption":"Espelt Viticultors - tienda online"},"image":{"@id":"https:\/\/espeltviticultors.com\/#\/schema\/logo\/image\/"},"sameAs":["https:\/\/www.facebook.com\/espelt.viticultors","https:\/\/x.com\/CellerEspelt","https:\/\/www.instagram.com\/cellerespelt\/"]},{"@type":"Person","@id":"https:\/\/espeltviticultors.com\/#\/schema\/person\/5f5c9de012090df361fdb0b0040a15e1","name":"Marina Planella"}]}},"_links":{"self":[{"href":"https:\/\/espeltviticultors.com\/es\/wp-json\/wp\/v2\/posts\/4846","targetHints":{"allow":["GET"]}}],"collection":[{"href":"https:\/\/espeltviticultors.com\/es\/wp-json\/wp\/v2\/posts"}],"about":[{"href":"https:\/\/espeltviticultors.com\/es\/wp-json\/wp\/v2\/types\/post"}],"author":[{"embeddable":true,"href":"https:\/\/espeltviticultors.com\/es\/wp-json\/wp\/v2\/users\/2"}],"replies":[{"embeddable":true,"href":"https:\/\/espeltviticultors.com\/es\/wp-json\/wp\/v2\/comments?post=4846"}],"version-history":[{"count":5,"href":"https:\/\/espeltviticultors.com\/es\/wp-json\/wp\/v2\/posts\/4846\/revisions"}],"predecessor-version":[{"id":7370,"href":"https:\/\/espeltviticultors.com\/es\/wp-json\/wp\/v2\/posts\/4846\/revisions\/7370"}],"wp:featuredmedia":[{"embeddable":true,"href":"https:\/\/espeltviticultors.com\/es\/wp-json\/wp\/v2\/media\/5949"}],"wp:attachment":[{"href":"https:\/\/espeltviticultors.com\/es\/wp-json\/wp\/v2\/media?parent=4846"}],"wp:term":[{"taxonomy":"category","embeddable":true,"href":"https:\/\/espeltviticultors.com\/es\/wp-json\/wp\/v2\/categories?post=4846"},{"taxonomy":"post_tag","embeddable":true,"href":"https:\/\/espeltviticultors.com\/es\/wp-json\/wp\/v2\/tags?post=4846"}],"curies":[{"name":"wp","href":"https:\/\/api.w.org\/{rel}","templated":true}]}}