{"id":6464,"date":"2022-08-11T08:28:37","date_gmt":"2022-08-11T06:28:37","guid":{"rendered":"https:\/\/espeltviticultors.com\/la-verema-savanca\/"},"modified":"2022-12-05T12:13:44","modified_gmt":"2022-12-05T11:13:44","slug":"la-verema-savanca","status":"publish","type":"post","link":"https:\/\/espeltviticultors.com\/es\/la-verema-savanca\/","title":{"rendered":"La vedimia se adelanta"},"content":{"rendered":"\n<h2 class=\"wp-block-heading\" id=\"h-comencem-la-verema-la-calor-la-secada-els-senglars-i-totes-les-variables-que-coneixeu-fan-que-aquest-any-sigui-especial-la-verema-s-avanca-uns-dies-i-ja-hem-comencat-a-recollir-les-varietats-del-pla-i-tambe-el-lledoner-roig-de-mas-mares\">\u00a1Empezamos la vendimia! El calor, la sequ\u00eda, los jabal\u00edes y todas las variables que conoc\u00e9is hacen que este a\u00f1o sea especial. La vendimia se adelanta unos d\u00edas y ya hemos empezado a recoger las variedades del llano y tambi\u00e9n la garnacha gris de Mas Mar\u00e8s.<\/h2>\n\n<figure class=\"wp-block-gallery columns-3 is-cropped wp-block-gallery-1 is-layout-flex wp-block-gallery-is-layout-flex\"><ul class=\"blocks-gallery-grid\"><li class=\"blocks-gallery-item\"><figure><img loading=\"lazy\" decoding=\"async\" width=\"768\" height=\"1024\" src=\"https:\/\/espeltviticultors.com\/wp-content\/uploads\/2022\/08\/WhatsApp-Image-2022-08-10-at-11.01.19-768x1024.jpeg\" alt=\"\" data-id=\"6427\" data-full-url=\"https:\/\/espeltviticultors.com\/wp-content\/uploads\/2022\/08\/WhatsApp-Image-2022-08-10-at-11.01.19.jpeg\" data-link=\"https:\/\/espeltviticultors.com\/?attachment_id=6427\" class=\"wp-image-6427\" srcset=\"https:\/\/espeltviticultors.com\/wp-content\/uploads\/2022\/08\/WhatsApp-Image-2022-08-10-at-11.01.19-768x1024.jpeg 768w, https:\/\/espeltviticultors.com\/wp-content\/uploads\/2022\/08\/WhatsApp-Image-2022-08-10-at-11.01.19-225x300.jpeg 225w, https:\/\/espeltviticultors.com\/wp-content\/uploads\/2022\/08\/WhatsApp-Image-2022-08-10-at-11.01.19-1152x1536.jpeg 1152w, https:\/\/espeltviticultors.com\/wp-content\/uploads\/2022\/08\/WhatsApp-Image-2022-08-10-at-11.01.19-600x800.jpeg 600w, https:\/\/espeltviticultors.com\/wp-content\/uploads\/2022\/08\/WhatsApp-Image-2022-08-10-at-11.01.19.jpeg 1200w\" sizes=\"auto, (max-width: 768px) 100vw, 768px\" \/><\/figure><\/li><li class=\"blocks-gallery-item\"><figure><img loading=\"lazy\" decoding=\"async\" width=\"1024\" height=\"1021\" src=\"https:\/\/espeltviticultors.com\/wp-content\/uploads\/2022\/08\/WhatsApp-Image-2022-08-10-at-11.02.58-1024x1021.jpeg\" alt=\"\" data-id=\"6430\" data-full-url=\"https:\/\/espeltviticultors.com\/wp-content\/uploads\/2022\/08\/WhatsApp-Image-2022-08-10-at-11.02.58.jpeg\" data-link=\"https:\/\/espeltviticultors.com\/?attachment_id=6430\" class=\"wp-image-6430\"\/><\/figure><\/li><li class=\"blocks-gallery-item\"><figure><img loading=\"lazy\" decoding=\"async\" width=\"768\" height=\"1024\" src=\"https:\/\/espeltviticultors.com\/wp-content\/uploads\/2022\/08\/WhatsApp-Image-2022-08-10-at-11.06.17-768x1024.jpeg\" alt=\"\" data-id=\"6433\" data-full-url=\"https:\/\/espeltviticultors.com\/wp-content\/uploads\/2022\/08\/WhatsApp-Image-2022-08-10-at-11.06.17.jpeg\" data-link=\"https:\/\/espeltviticultors.com\/?attachment_id=6433\" class=\"wp-image-6433\" srcset=\"https:\/\/espeltviticultors.com\/wp-content\/uploads\/2022\/08\/WhatsApp-Image-2022-08-10-at-11.06.17-768x1024.jpeg 768w, https:\/\/espeltviticultors.com\/wp-content\/uploads\/2022\/08\/WhatsApp-Image-2022-08-10-at-11.06.17-225x300.jpeg 225w, https:\/\/espeltviticultors.com\/wp-content\/uploads\/2022\/08\/WhatsApp-Image-2022-08-10-at-11.06.17-1152x1536.jpeg 1152w, https:\/\/espeltviticultors.com\/wp-content\/uploads\/2022\/08\/WhatsApp-Image-2022-08-10-at-11.06.17-600x800.jpeg 600w, https:\/\/espeltviticultors.com\/wp-content\/uploads\/2022\/08\/WhatsApp-Image-2022-08-10-at-11.06.17.jpeg 1536w\" sizes=\"auto, (max-width: 768px) 100vw, 768px\" \/><\/figure><\/li><\/ul><figcaption class=\"blocks-gallery-caption\"><em>Vendimia 2022 en Mas Mar\u00e8s, Eva Suana<\/em><\/figcaption><\/figure>\n<p>Llega agosto, los d\u00edas son m\u00e1s cortos y parece que el calor nos da una tregua, al menos por las noches. Sin embargo, las altas temperaturas del mes de julio y la sequ\u00eda que sufrimos \u2013no llueve con fuerza desde hace muchos meses\u2013 han hecho que excepcionalmente este a\u00f1o hayamos tenido que adelantar la vendimia una semana.<\/p>\n\n<p>Decimos excepcionalmente, pero sabemos que esta realidad puede ser la t\u00f3nica general en los a\u00f1os venideros. El <a href=\"https:\/\/es.wikipedia.org\/wiki\/Cambio_clim%C3%A1tico\">cambio clim\u00e1tico<\/a> es imparable y sentimos que debemos adaptarnos lo mejor que podamos. Avanzar en una gesti\u00f3n integrada del territorio, que tenga en cuenta la climatolog\u00eda, la conservaci\u00f3n de los suelos y el fr\u00e1gil equilibrio de los ecosistemas favorecer\u00e1 que podamos sacar frutos tambi\u00e9n en el futuro. Por eso, desde que iniciamos el proyecto de Mas Mar\u00e8s, decidimos que har\u00edamos todo lo posible para preservar el legado que como humanos hemos recibido de la naturaleza. Suelos cerca del mar, con arbustos bajos, alcornocales y ahora tambi\u00e9n vi\u00f1edos que favorecen el control y la protecci\u00f3n de especies \u00fanicas del Cap de Creus.<\/p>\n\n<p>En estas tierras es donde Anna Espelt desarrolla su proyecto m\u00e1s personal. Hace unos a\u00f1os plantamos <a href=\"https:\/\/espeltviticultors.com\/es\/el-lledoner-roig-la-uva\/\">garnacha gris<\/a>, con injertos de las vi\u00f1as viejas de Rab\u00f3s. Esta semana es la uva que empezamos a cosechar, una variedad local de garnacha que es rosada. Plantar variedades locales es, desde hace un tiempo, la decisi\u00f3n m\u00e1s adecuada a nuestro terroir: est\u00e1n m\u00e1s adaptadas al territorio y por tanto necesitar\u00e1n menos agua y aguantar\u00e1n el viento.<\/p>\n\n<p>Variedades empordanesas, terroirs \u00fanicos y una vendimia que apenas empieza. \u00a1Feliz vendimia a todo el mundo!<\/p>\n\n<figure class=\"wp-block-gallery columns-1 is-cropped wp-block-gallery-2 is-layout-flex wp-block-gallery-is-layout-flex\"><ul class=\"blocks-gallery-grid\"><li class=\"blocks-gallery-item\"><figure><img loading=\"lazy\" decoding=\"async\" width=\"1024\" height=\"768\" src=\"https:\/\/espeltviticultors.com\/wp-content\/uploads\/2022\/08\/WhatsApp-Image-2022-08-09-at-10.00.14-1024x768.jpeg\" alt=\"\" data-id=\"6457\" data-full-url=\"https:\/\/espeltviticultors.com\/wp-content\/uploads\/2022\/08\/WhatsApp-Image-2022-08-09-at-10.00.14.jpeg\" data-link=\"https:\/\/espeltviticultors.com\/la-verema-savanca\/whatsapp-image-2022-08-09-at-10-00-14\/\" class=\"wp-image-6457\" srcset=\"https:\/\/espeltviticultors.com\/wp-content\/uploads\/2022\/08\/WhatsApp-Image-2022-08-09-at-10.00.14-1024x768.jpeg 1024w, https:\/\/espeltviticultors.com\/wp-content\/uploads\/2022\/08\/WhatsApp-Image-2022-08-09-at-10.00.14-300x225.jpeg 300w, https:\/\/espeltviticultors.com\/wp-content\/uploads\/2022\/08\/WhatsApp-Image-2022-08-09-at-10.00.14-768x576.jpeg 768w, https:\/\/espeltviticultors.com\/wp-content\/uploads\/2022\/08\/WhatsApp-Image-2022-08-09-at-10.00.14-1536x1152.jpeg 1536w, https:\/\/espeltviticultors.com\/wp-content\/uploads\/2022\/08\/WhatsApp-Image-2022-08-09-at-10.00.14-600x450.jpeg 600w, https:\/\/espeltviticultors.com\/wp-content\/uploads\/2022\/08\/WhatsApp-Image-2022-08-09-at-10.00.14.jpeg 1600w\" sizes=\"auto, (max-width: 1024px) 100vw, 1024px\" \/><\/figure><\/li><\/ul><\/figure>","protected":false},"excerpt":{"rendered":"<p>\u00a1Empezamos la vendimia! El calor, la sequ\u00eda, los jabal\u00edes y todas las variables que conoc\u00e9is hacen que este a\u00f1o sea especial. La vendimia se adelanta unos d\u00edas y ya hemos empezado a recoger las variedades del llano y tambi\u00e9n la garnacha gris de Mas Mar\u00e8s. Llega agosto, los d\u00edas son m\u00e1s cortos y parece que [&hellip;]<\/p>\n","protected":false},"author":2,"featured_media":6492,"comment_status":"closed","ping_status":"closed","sticky":false,"template":"","format":"standard","meta":{"footnotes":""},"categories":[286,205],"tags":[245,246,247,213],"class_list":["post-6464","post","type-post","status-publish","format-standard","has-post-thumbnail","hentry","category-natura-es","category-viticultura-es","tag-cambio-climatico","tag-cap-de-creus-es","tag-mas-mares-es","tag-sostenibilidad"],"yoast_head":"<!-- This site is optimized with the Yoast SEO Premium plugin v19.3 (Yoast SEO v27.4) - https:\/\/yoast.com\/product\/yoast-seo-premium-wordpress\/ -->\n<title>La vendimia se adelanta - Espelt Viticultors<\/title>\n<meta name=\"description\" content=\"La vendimia se adelanta por las altas temperaturas, la sequ\u00eda, los jabal\u00edes y todas las variables que ya conoc\u00e9is.\" \/>\n<meta name=\"robots\" content=\"index, follow, max-snippet:-1, max-image-preview:large, max-video-preview:-1\" \/>\n<link rel=\"canonical\" href=\"https:\/\/espeltviticultors.com\/es\/la-verema-savanca\/\" \/>\n<meta property=\"og:locale\" content=\"es_ES\" \/>\n<meta property=\"og:type\" content=\"article\" \/>\n<meta property=\"og:title\" content=\"La vedimia se adelanta\" \/>\n<meta property=\"og:description\" content=\"\u00a1Empezamos la vendimia! El calor, la sequ\u00eda, los jabal\u00edes y todas las variables que conoc\u00e9is hacen que este a\u00f1o sea especial. La vendimia se adelanta unos\" \/>\n<meta property=\"og:url\" content=\"https:\/\/espeltviticultors.com\/es\/la-verema-savanca\/\" \/>\n<meta property=\"og:site_name\" content=\"Espelt Viticultores\" \/>\n<meta property=\"article:publisher\" content=\"https:\/\/www.facebook.com\/espelt.viticultors\" \/>\n<meta property=\"article:published_time\" content=\"2022-08-11T06:28:37+00:00\" \/>\n<meta property=\"article:modified_time\" content=\"2022-12-05T11:13:44+00:00\" \/>\n<meta property=\"og:image\" content=\"https:\/\/espeltviticultors.com\/wp-content\/uploads\/2022\/08\/verema22-1.jpg\" \/>\n\t<meta property=\"og:image:width\" content=\"680\" \/>\n\t<meta property=\"og:image:height\" content=\"420\" \/>\n\t<meta property=\"og:image:type\" content=\"image\/jpeg\" \/>\n<meta name=\"author\" content=\"Marina Planella\" \/>\n<meta name=\"twitter:card\" content=\"summary_large_image\" \/>\n<meta name=\"twitter:creator\" content=\"@CellerEspelt\" \/>\n<meta name=\"twitter:site\" content=\"@CellerEspelt\" \/>\n<meta name=\"twitter:label1\" content=\"Escrito por\" \/>\n\t<meta name=\"twitter:data1\" content=\"Marina Planella\" \/>\n\t<meta name=\"twitter:label2\" content=\"Tiempo de lectura\" \/>\n\t<meta name=\"twitter:data2\" content=\"2 minutos\" \/>\n<script type=\"application\/ld+json\" class=\"yoast-schema-graph\">{\"@context\":\"https:\\\/\\\/schema.org\",\"@graph\":[{\"@type\":\"Article\",\"@id\":\"https:\\\/\\\/espeltviticultors.com\\\/es\\\/la-verema-savanca\\\/#article\",\"isPartOf\":{\"@id\":\"https:\\\/\\\/espeltviticultors.com\\\/es\\\/la-verema-savanca\\\/\"},\"author\":{\"name\":\"Marina Planella\",\"@id\":\"https:\\\/\\\/espeltviticultors.com\\\/#\\\/schema\\\/person\\\/5f5c9de012090df361fdb0b0040a15e1\"},\"headline\":\"La vedimia se adelanta\",\"datePublished\":\"2022-08-11T06:28:37+00:00\",\"dateModified\":\"2022-12-05T11:13:44+00:00\",\"mainEntityOfPage\":{\"@id\":\"https:\\\/\\\/espeltviticultors.com\\\/es\\\/la-verema-savanca\\\/\"},\"wordCount\":354,\"publisher\":{\"@id\":\"https:\\\/\\\/espeltviticultors.com\\\/#organization\"},\"image\":{\"@id\":\"https:\\\/\\\/espeltviticultors.com\\\/es\\\/la-verema-savanca\\\/#primaryimage\"},\"thumbnailUrl\":\"https:\\\/\\\/espeltviticultors.com\\\/wp-content\\\/uploads\\\/2022\\\/08\\\/verema22-1.jpg\",\"keywords\":[\"cambio clim\u00e1tico\",\"cap de creus\",\"Mas Mar\u00e9s\",\"Sostenibilidad\"],\"articleSection\":[\"Natura\",\"Viticultura\"],\"inLanguage\":\"es\"},{\"@type\":\"WebPage\",\"@id\":\"https:\\\/\\\/espeltviticultors.com\\\/es\\\/la-verema-savanca\\\/\",\"url\":\"https:\\\/\\\/espeltviticultors.com\\\/es\\\/la-verema-savanca\\\/\",\"name\":\"La vendimia se adelanta - Espelt Viticultors\",\"isPartOf\":{\"@id\":\"https:\\\/\\\/espeltviticultors.com\\\/#website\"},\"primaryImageOfPage\":{\"@id\":\"https:\\\/\\\/espeltviticultors.com\\\/es\\\/la-verema-savanca\\\/#primaryimage\"},\"image\":{\"@id\":\"https:\\\/\\\/espeltviticultors.com\\\/es\\\/la-verema-savanca\\\/#primaryimage\"},\"thumbnailUrl\":\"https:\\\/\\\/espeltviticultors.com\\\/wp-content\\\/uploads\\\/2022\\\/08\\\/verema22-1.jpg\",\"datePublished\":\"2022-08-11T06:28:37+00:00\",\"dateModified\":\"2022-12-05T11:13:44+00:00\",\"description\":\"La vendimia se adelanta por las altas temperaturas, la sequ\u00eda, los jabal\u00edes y todas las variables que ya conoc\u00e9is.\",\"breadcrumb\":{\"@id\":\"https:\\\/\\\/espeltviticultors.com\\\/es\\\/la-verema-savanca\\\/#breadcrumb\"},\"inLanguage\":\"es\",\"potentialAction\":[{\"@type\":\"ReadAction\",\"target\":[\"https:\\\/\\\/espeltviticultors.com\\\/es\\\/la-verema-savanca\\\/\"]}]},{\"@type\":\"ImageObject\",\"inLanguage\":\"es\",\"@id\":\"https:\\\/\\\/espeltviticultors.com\\\/es\\\/la-verema-savanca\\\/#primaryimage\",\"url\":\"https:\\\/\\\/espeltviticultors.com\\\/wp-content\\\/uploads\\\/2022\\\/08\\\/verema22-1.jpg\",\"contentUrl\":\"https:\\\/\\\/espeltviticultors.com\\\/wp-content\\\/uploads\\\/2022\\\/08\\\/verema22-1.jpg\",\"width\":680,\"height\":420,\"caption\":\"verema s'avan\u00e7a\"},{\"@type\":\"BreadcrumbList\",\"@id\":\"https:\\\/\\\/espeltviticultors.com\\\/es\\\/la-verema-savanca\\\/#breadcrumb\",\"itemListElement\":[{\"@type\":\"ListItem\",\"position\":1,\"name\":\"Portada\",\"item\":\"https:\\\/\\\/espeltviticultors.com\\\/es\\\/\"},{\"@type\":\"ListItem\",\"position\":2,\"name\":\"La vedimia se adelanta\"}]},{\"@type\":\"WebSite\",\"@id\":\"https:\\\/\\\/espeltviticultors.com\\\/#website\",\"url\":\"https:\\\/\\\/espeltviticultors.com\\\/\",\"name\":\"Espelt Viticultores\",\"description\":\"Vinos del Empord\u00e0 i enoturismo\",\"publisher\":{\"@id\":\"https:\\\/\\\/espeltviticultors.com\\\/#organization\"},\"potentialAction\":[{\"@type\":\"SearchAction\",\"target\":{\"@type\":\"EntryPoint\",\"urlTemplate\":\"https:\\\/\\\/espeltviticultors.com\\\/?s={search_term_string}\"},\"query-input\":{\"@type\":\"PropertyValueSpecification\",\"valueRequired\":true,\"valueName\":\"search_term_string\"}}],\"inLanguage\":\"es\"},{\"@type\":\"Organization\",\"@id\":\"https:\\\/\\\/espeltviticultors.com\\\/#organization\",\"name\":\"Espelt Viticultors - tienda online\",\"url\":\"https:\\\/\\\/espeltviticultors.com\\\/\",\"logo\":{\"@type\":\"ImageObject\",\"inLanguage\":\"es\",\"@id\":\"https:\\\/\\\/espeltviticultors.com\\\/#\\\/schema\\\/logo\\\/image\\\/\",\"url\":\"https:\\\/\\\/espeltviticultors.com\\\/wp-content\\\/uploads\\\/2021\\\/02\\\/logo_color_trasparent.png\",\"contentUrl\":\"https:\\\/\\\/espeltviticultors.com\\\/wp-content\\\/uploads\\\/2021\\\/02\\\/logo_color_trasparent.png\",\"width\":818,\"height\":272,\"caption\":\"Espelt Viticultors - tienda online\"},\"image\":{\"@id\":\"https:\\\/\\\/espeltviticultors.com\\\/#\\\/schema\\\/logo\\\/image\\\/\"},\"sameAs\":[\"https:\\\/\\\/www.facebook.com\\\/espelt.viticultors\",\"https:\\\/\\\/x.com\\\/CellerEspelt\",\"https:\\\/\\\/www.instagram.com\\\/cellerespelt\\\/\"]},{\"@type\":\"Person\",\"@id\":\"https:\\\/\\\/espeltviticultors.com\\\/#\\\/schema\\\/person\\\/5f5c9de012090df361fdb0b0040a15e1\",\"name\":\"Marina Planella\"}]}<\/script>\n<!-- \/ Yoast SEO Premium plugin. -->","yoast_head_json":{"title":"La vendimia se adelanta - Espelt Viticultors","description":"La vendimia se adelanta por las altas temperaturas, la sequ\u00eda, los jabal\u00edes y todas las variables que ya conoc\u00e9is.","robots":{"index":"index","follow":"follow","max-snippet":"max-snippet:-1","max-image-preview":"max-image-preview:large","max-video-preview":"max-video-preview:-1"},"canonical":"https:\/\/espeltviticultors.com\/es\/la-verema-savanca\/","og_locale":"es_ES","og_type":"article","og_title":"La vedimia se adelanta","og_description":"\u00a1Empezamos la vendimia! El calor, la sequ\u00eda, los jabal\u00edes y todas las variables que conoc\u00e9is hacen que este a\u00f1o sea especial. La vendimia se adelanta unos","og_url":"https:\/\/espeltviticultors.com\/es\/la-verema-savanca\/","og_site_name":"Espelt Viticultores","article_publisher":"https:\/\/www.facebook.com\/espelt.viticultors","article_published_time":"2022-08-11T06:28:37+00:00","article_modified_time":"2022-12-05T11:13:44+00:00","og_image":[{"width":680,"height":420,"url":"https:\/\/espeltviticultors.com\/wp-content\/uploads\/2022\/08\/verema22-1.jpg","type":"image\/jpeg"}],"author":"Marina Planella","twitter_card":"summary_large_image","twitter_creator":"@CellerEspelt","twitter_site":"@CellerEspelt","twitter_misc":{"Escrito por":"Marina Planella","Tiempo de lectura":"2 minutos"},"schema":{"@context":"https:\/\/schema.org","@graph":[{"@type":"Article","@id":"https:\/\/espeltviticultors.com\/es\/la-verema-savanca\/#article","isPartOf":{"@id":"https:\/\/espeltviticultors.com\/es\/la-verema-savanca\/"},"author":{"name":"Marina Planella","@id":"https:\/\/espeltviticultors.com\/#\/schema\/person\/5f5c9de012090df361fdb0b0040a15e1"},"headline":"La vedimia se adelanta","datePublished":"2022-08-11T06:28:37+00:00","dateModified":"2022-12-05T11:13:44+00:00","mainEntityOfPage":{"@id":"https:\/\/espeltviticultors.com\/es\/la-verema-savanca\/"},"wordCount":354,"publisher":{"@id":"https:\/\/espeltviticultors.com\/#organization"},"image":{"@id":"https:\/\/espeltviticultors.com\/es\/la-verema-savanca\/#primaryimage"},"thumbnailUrl":"https:\/\/espeltviticultors.com\/wp-content\/uploads\/2022\/08\/verema22-1.jpg","keywords":["cambio clim\u00e1tico","cap de creus","Mas Mar\u00e9s","Sostenibilidad"],"articleSection":["Natura","Viticultura"],"inLanguage":"es"},{"@type":"WebPage","@id":"https:\/\/espeltviticultors.com\/es\/la-verema-savanca\/","url":"https:\/\/espeltviticultors.com\/es\/la-verema-savanca\/","name":"La vendimia se adelanta - Espelt Viticultors","isPartOf":{"@id":"https:\/\/espeltviticultors.com\/#website"},"primaryImageOfPage":{"@id":"https:\/\/espeltviticultors.com\/es\/la-verema-savanca\/#primaryimage"},"image":{"@id":"https:\/\/espeltviticultors.com\/es\/la-verema-savanca\/#primaryimage"},"thumbnailUrl":"https:\/\/espeltviticultors.com\/wp-content\/uploads\/2022\/08\/verema22-1.jpg","datePublished":"2022-08-11T06:28:37+00:00","dateModified":"2022-12-05T11:13:44+00:00","description":"La vendimia se adelanta por las altas temperaturas, la sequ\u00eda, los jabal\u00edes y todas las variables que ya conoc\u00e9is.","breadcrumb":{"@id":"https:\/\/espeltviticultors.com\/es\/la-verema-savanca\/#breadcrumb"},"inLanguage":"es","potentialAction":[{"@type":"ReadAction","target":["https:\/\/espeltviticultors.com\/es\/la-verema-savanca\/"]}]},{"@type":"ImageObject","inLanguage":"es","@id":"https:\/\/espeltviticultors.com\/es\/la-verema-savanca\/#primaryimage","url":"https:\/\/espeltviticultors.com\/wp-content\/uploads\/2022\/08\/verema22-1.jpg","contentUrl":"https:\/\/espeltviticultors.com\/wp-content\/uploads\/2022\/08\/verema22-1.jpg","width":680,"height":420,"caption":"verema s'avan\u00e7a"},{"@type":"BreadcrumbList","@id":"https:\/\/espeltviticultors.com\/es\/la-verema-savanca\/#breadcrumb","itemListElement":[{"@type":"ListItem","position":1,"name":"Portada","item":"https:\/\/espeltviticultors.com\/es\/"},{"@type":"ListItem","position":2,"name":"La vedimia se adelanta"}]},{"@type":"WebSite","@id":"https:\/\/espeltviticultors.com\/#website","url":"https:\/\/espeltviticultors.com\/","name":"Espelt Viticultores","description":"Vinos del Empord\u00e0 i enoturismo","publisher":{"@id":"https:\/\/espeltviticultors.com\/#organization"},"potentialAction":[{"@type":"SearchAction","target":{"@type":"EntryPoint","urlTemplate":"https:\/\/espeltviticultors.com\/?s={search_term_string}"},"query-input":{"@type":"PropertyValueSpecification","valueRequired":true,"valueName":"search_term_string"}}],"inLanguage":"es"},{"@type":"Organization","@id":"https:\/\/espeltviticultors.com\/#organization","name":"Espelt Viticultors - tienda online","url":"https:\/\/espeltviticultors.com\/","logo":{"@type":"ImageObject","inLanguage":"es","@id":"https:\/\/espeltviticultors.com\/#\/schema\/logo\/image\/","url":"https:\/\/espeltviticultors.com\/wp-content\/uploads\/2021\/02\/logo_color_trasparent.png","contentUrl":"https:\/\/espeltviticultors.com\/wp-content\/uploads\/2021\/02\/logo_color_trasparent.png","width":818,"height":272,"caption":"Espelt Viticultors - tienda online"},"image":{"@id":"https:\/\/espeltviticultors.com\/#\/schema\/logo\/image\/"},"sameAs":["https:\/\/www.facebook.com\/espelt.viticultors","https:\/\/x.com\/CellerEspelt","https:\/\/www.instagram.com\/cellerespelt\/"]},{"@type":"Person","@id":"https:\/\/espeltviticultors.com\/#\/schema\/person\/5f5c9de012090df361fdb0b0040a15e1","name":"Marina Planella"}]}},"_links":{"self":[{"href":"https:\/\/espeltviticultors.com\/es\/wp-json\/wp\/v2\/posts\/6464","targetHints":{"allow":["GET"]}}],"collection":[{"href":"https:\/\/espeltviticultors.com\/es\/wp-json\/wp\/v2\/posts"}],"about":[{"href":"https:\/\/espeltviticultors.com\/es\/wp-json\/wp\/v2\/types\/post"}],"author":[{"embeddable":true,"href":"https:\/\/espeltviticultors.com\/es\/wp-json\/wp\/v2\/users\/2"}],"replies":[{"embeddable":true,"href":"https:\/\/espeltviticultors.com\/es\/wp-json\/wp\/v2\/comments?post=6464"}],"version-history":[{"count":5,"href":"https:\/\/espeltviticultors.com\/es\/wp-json\/wp\/v2\/posts\/6464\/revisions"}],"predecessor-version":[{"id":6753,"href":"https:\/\/espeltviticultors.com\/es\/wp-json\/wp\/v2\/posts\/6464\/revisions\/6753"}],"wp:featuredmedia":[{"embeddable":true,"href":"https:\/\/espeltviticultors.com\/es\/wp-json\/wp\/v2\/media\/6492"}],"wp:attachment":[{"href":"https:\/\/espeltviticultors.com\/es\/wp-json\/wp\/v2\/media?parent=6464"}],"wp:term":[{"taxonomy":"category","embeddable":true,"href":"https:\/\/espeltviticultors.com\/es\/wp-json\/wp\/v2\/categories?post=6464"},{"taxonomy":"post_tag","embeddable":true,"href":"https:\/\/espeltviticultors.com\/es\/wp-json\/wp\/v2\/tags?post=6464"}],"curies":[{"name":"wp","href":"https:\/\/api.w.org\/{rel}","templated":true}]}}