{"id":7633,"date":"2024-02-01T13:08:33","date_gmt":"2024-02-01T12:08:33","guid":{"rendered":"https:\/\/espeltviticultors.com\/mas-mares-gestio-agroforestal-contra-el-canvi-climatic\/"},"modified":"2024-02-01T13:35:45","modified_gmt":"2024-02-01T12:35:45","slug":"mas-mares-gestio-agroforestal-contra-el-canvi-climatic","status":"publish","type":"post","link":"https:\/\/espeltviticultors.com\/es\/mas-mares-gestio-agroforestal-contra-el-canvi-climatic\/","title":{"rendered":"Mas Mar\u00e8s, gesti\u00f3n agroforestal contra el cambio clim\u00e1tico"},"content":{"rendered":"\n<h2 class=\"wp-block-heading\" id=\"h-l-oficina-catalana-del-canvi-climatic-treu-una-guia-dels-resultats-del-projecte-life-midmacc-amb-el-qual-hem-col-laborat-en-els-darrers-quatre-anys\">La Oficina Catalana del Cambio Clim\u00e1tico saca una gu\u00eda de los resultados del proyecto LIFE MIDMACC con el que hemos colaborado en los \u00faltimos cuatro a\u00f1os.<\/h2>\n\n<figure class=\"wp-block-image size-large\"><img loading=\"lazy\" decoding=\"async\" width=\"1024\" height=\"768\" src=\"https:\/\/espeltviticultors.com\/wp-content\/uploads\/2024\/02\/WhatsApp-Image-2020-02-25-at-12.35.532-1024x768.jpeg\" alt=\"MIDMACC LIFE\" class=\"wp-image-7622\" srcset=\"https:\/\/espeltviticultors.com\/wp-content\/uploads\/2024\/02\/WhatsApp-Image-2020-02-25-at-12.35.532-1024x768.jpeg 1024w, https:\/\/espeltviticultors.com\/wp-content\/uploads\/2024\/02\/WhatsApp-Image-2020-02-25-at-12.35.532-300x225.jpeg 300w, https:\/\/espeltviticultors.com\/wp-content\/uploads\/2024\/02\/WhatsApp-Image-2020-02-25-at-12.35.532-768x576.jpeg 768w, https:\/\/espeltviticultors.com\/wp-content\/uploads\/2024\/02\/WhatsApp-Image-2020-02-25-at-12.35.532-1536x1152.jpeg 1536w, https:\/\/espeltviticultors.com\/wp-content\/uploads\/2024\/02\/WhatsApp-Image-2020-02-25-at-12.35.532-600x450.jpeg 600w, https:\/\/espeltviticultors.com\/wp-content\/uploads\/2024\/02\/WhatsApp-Image-2020-02-25-at-12.35.532.jpeg 1824w\" sizes=\"auto, (max-width: 1024px) 100vw, 1024px\" \/><figcaption class=\"wp-element-caption\">Recogiendo muestras con el equipo investigador del programa LIFE MIDMACC en Mas Mar\u00e8s (archivo)<\/figcaption><\/figure>\n\n<p>En los \u00faltimos <a href=\"https:\/\/espeltviticultors.com\/es\/que-podemos-hacer-para-frenar-el-cambio-climatico\/\">cuatro a\u00f1os<\/a> hemos colaborado con el proyecto de investigaci\u00f3n <a href=\"https:\/\/life-midmacc.eu\/es\/proyecto\/\">LIFE MIDMACC<\/a> junto con otros territorios en La Rioja, Arag\u00f3n y Catalunya. Esta investigaci\u00f3n tiene por objetivo analizar qu\u00e9 beneficios contra el cambio clim\u00e1tico puede tener la gesti\u00f3n del territorio con un paisaje en mosaico. Ahora, la Oficina Catalana del Cambio Clim\u00e1tico ha sacado una <a href=\"https:\/\/life-midmacc.eu\/wp-content\/uploads\/2023\/12\/MIDMACC_Guia_Web_CAT.pdf\">gu\u00eda<\/a>, junto al resto de socios del proyecto, que recoge los principales resultados y conclusiones de la investigaci\u00f3n.<\/p>\n\n<p>En los \u00faltimos a\u00f1os el aumento de las temperaturas ha sido abrumador, como todos sabemos. En concreto, el \u00faltimo a\u00f1o es el <a href=\"https:\/\/www.climatica.lamarea.com\/2023-ano-mas-caluroso-copernicus\/\">m\u00e1s caluroso en el planeta tierra<\/a> jam\u00e1s registrado. Adem\u00e1s, las zonas de media monta\u00f1a del sur de Europa, como nuestros vi\u00f1edos, son espacios muy sensibles frente a los impactos del cambio clim\u00e1tico. El despoblamiento y abandono del sector primario tradicional de los \u00faltimos a\u00f1os ha provocado que se produjera una reforestaci\u00f3n y una homogeneizaci\u00f3n del paisaje. Al mismo tiempo esto ha hecho que disminuyera la resiliencia ambiental y la biodiversidad.<\/p>\n\n<h3 class=\"wp-block-heading\">\u00bfPor qu\u00e9 Mas Mar\u00e8s par\u00f3 el fuego?<\/h3>\n\n<p>Con proyectos de <a href=\"https:\/\/espeltviticultors.com\/es\/el-mosaic-de-mas-mares\/\">recuperaci\u00f3n del mosaico mediterr\u00e1neo<\/a> como el que llevamos a cabo en Mas Mar\u00e8s se intenta revertir esta situaci\u00f3n y de rebote conseguir un paisaje m\u00e1s resiliente ante el cambio clim\u00e1tico. Durante los incendios forestales de febrero de 2022, la gesti\u00f3n agroforestal en mosaico fue clave para parar el fuego. Los estudios del MIDMACC LIFE corroboran que esta gesti\u00f3n puede ayudar tambi\u00e9n a evitar la erosi\u00f3n de los suelos, porque se evita su sobreexplotaci\u00f3n y p\u00e9rdida de biodiversidad, adem\u00e1s de que mejoran aspectos tan necesarios hoy (y parece evidente que tambi\u00e9n en el futuro) como la resistencia h\u00eddrica.<\/p>\n\n<p>La gu\u00eda <em><a href=\"https:\/\/life-midmacc.eu\/es\/2023\/12\/12\/entregable-22-medidas-de-adaptacion-al-cambio-climatico-en-la-media-montana-mediterranea-una-guia-practica\/\">Medidas de adaptaci\u00f3n al cambio clim\u00e1tico en la monta\u00f1a media mediterr\u00e1nea: una gu\u00eda pr\u00e1ctica<\/a><\/em> se puede consultar online y se estructura en tres partes. La primera trata el an\u00e1lisis de riesgos de la media monta\u00f1a mediterr\u00e1nea a los impactos del cambio clim\u00e1tico. La segunda parte hace un repaso de los resultados de las medidas implementadas (recuperaci\u00f3n de pastos, optimizaci\u00f3n\/introducci\u00f3n del vi\u00f1edo, gesti\u00f3n forestal) en tres zonas de Arag\u00f3n, Catalu\u00f1a y La Rioja. Por \u00faltimo, en la \u00faltima parte, se proponen otras medidas de adaptaci\u00f3n para la monta\u00f1a media mediterr\u00e1nea.<\/p>\n\n<figure class=\"wp-block-image size-full\"><img loading=\"lazy\" decoding=\"async\" width=\"679\" height=\"420\" src=\"https:\/\/espeltviticultors.com\/wp-content\/uploads\/2022\/05\/anna-canvi-climatic.png\" alt=\"Anna Espelt cambio clim&#xE1;tico\" class=\"wp-image-5935\" srcset=\"https:\/\/espeltviticultors.com\/wp-content\/uploads\/2022\/05\/anna-canvi-climatic.png 679w, https:\/\/espeltviticultors.com\/wp-content\/uploads\/2022\/05\/anna-canvi-climatic-300x186.png 300w, https:\/\/espeltviticultors.com\/wp-content\/uploads\/2022\/05\/anna-canvi-climatic-600x371.png 600w\" sizes=\"auto, (max-width: 679px) 100vw, 679px\" \/><figcaption class=\"wp-element-caption\">Aparato medidor del proyecto LIFE MIDMACC en los vi\u00f1edos de Mas Mar\u00e8s (archivo)<\/figcaption><\/figure>\n","protected":false},"excerpt":{"rendered":"<p>La Oficina Catalana del Cambio Clim\u00e1tico saca una gu\u00eda de los resultados del proyecto LIFE MIDMACC con el que hemos colaborado en los \u00faltimos cuatro a\u00f1os. En los \u00faltimos cuatro a\u00f1os hemos colaborado con el proyecto de investigaci\u00f3n LIFE MIDMACC junto con otros territorios en La Rioja, Arag\u00f3n y Catalunya. Esta investigaci\u00f3n tiene por objetivo [&hellip;]<\/p>\n","protected":false},"author":2,"featured_media":7630,"comment_status":"closed","ping_status":"closed","sticky":false,"template":"","format":"standard","meta":{"footnotes":""},"categories":[286,208,205],"tags":[],"class_list":["post-7633","post","type-post","status-publish","format-standard","has-post-thumbnail","hentry","category-natura-es","category-noticias","category-viticultura-es"],"yoast_head":"<!-- This site is optimized with the Yoast SEO Premium plugin v19.3 (Yoast SEO v27.4) - https:\/\/yoast.com\/product\/yoast-seo-premium-wordpress\/ -->\n<title>Mas Mar\u00e8s, gesti\u00f3n agroforestal contra el cambio clim\u00e1tico -<\/title>\n<meta name=\"description\" content=\"Mas Mar\u00e8s es un ejemplo de gesti\u00f3n agroforestal contra el cambio clim\u00e1tico, lo certifica un estudio del programa LIFE MIDMACC\" \/>\n<meta name=\"robots\" content=\"index, follow, max-snippet:-1, max-image-preview:large, max-video-preview:-1\" \/>\n<link rel=\"canonical\" href=\"https:\/\/espeltviticultors.com\/es\/mas-mares-gestio-agroforestal-contra-el-canvi-climatic\/\" \/>\n<meta property=\"og:locale\" content=\"es_ES\" \/>\n<meta property=\"og:type\" content=\"article\" \/>\n<meta property=\"og:title\" content=\"Mas Mar\u00e8s, gesti\u00f3n agroforestal contra el cambio clim\u00e1tico\" \/>\n<meta property=\"og:description\" content=\"La Oficina Catalana del Cambio Clim\u00e1tico saca una gu\u00eda de los resultados del proyecto LIFE MIDMACC con el que hemos colaborado en los \u00faltimos cuatro a\u00f1os.\" \/>\n<meta property=\"og:url\" content=\"https:\/\/espeltviticultors.com\/es\/mas-mares-gestio-agroforestal-contra-el-canvi-climatic\/\" \/>\n<meta property=\"og:site_name\" content=\"Espelt Viticultores\" \/>\n<meta property=\"article:publisher\" content=\"https:\/\/www.facebook.com\/espelt.viticultors\" \/>\n<meta property=\"article:published_time\" content=\"2024-02-01T12:08:33+00:00\" \/>\n<meta property=\"article:modified_time\" content=\"2024-02-01T12:35:45+00:00\" \/>\n<meta property=\"og:image\" content=\"https:\/\/espeltviticultors.com\/wp-content\/uploads\/2024\/02\/Lifemidmaccblog.png\" \/>\n\t<meta property=\"og:image:width\" content=\"680\" \/>\n\t<meta property=\"og:image:height\" content=\"420\" \/>\n\t<meta property=\"og:image:type\" content=\"image\/png\" \/>\n<meta name=\"author\" content=\"Marina Planella\" \/>\n<meta name=\"twitter:card\" content=\"summary_large_image\" \/>\n<meta name=\"twitter:creator\" content=\"@CellerEspelt\" \/>\n<meta name=\"twitter:site\" content=\"@CellerEspelt\" \/>\n<meta name=\"twitter:label1\" content=\"Escrito por\" \/>\n\t<meta name=\"twitter:data1\" content=\"Marina Planella\" \/>\n\t<meta name=\"twitter:label2\" content=\"Tiempo de lectura\" \/>\n\t<meta name=\"twitter:data2\" content=\"2 minutos\" \/>\n<script type=\"application\/ld+json\" class=\"yoast-schema-graph\">{\"@context\":\"https:\\\/\\\/schema.org\",\"@graph\":[{\"@type\":\"Article\",\"@id\":\"https:\\\/\\\/espeltviticultors.com\\\/es\\\/mas-mares-gestio-agroforestal-contra-el-canvi-climatic\\\/#article\",\"isPartOf\":{\"@id\":\"https:\\\/\\\/espeltviticultors.com\\\/es\\\/mas-mares-gestio-agroforestal-contra-el-canvi-climatic\\\/\"},\"author\":{\"name\":\"Marina Planella\",\"@id\":\"https:\\\/\\\/espeltviticultors.com\\\/#\\\/schema\\\/person\\\/5f5c9de012090df361fdb0b0040a15e1\"},\"headline\":\"Mas Mar\u00e8s, gesti\u00f3n agroforestal contra el cambio clim\u00e1tico\",\"datePublished\":\"2024-02-01T12:08:33+00:00\",\"dateModified\":\"2024-02-01T12:35:45+00:00\",\"mainEntityOfPage\":{\"@id\":\"https:\\\/\\\/espeltviticultors.com\\\/es\\\/mas-mares-gestio-agroforestal-contra-el-canvi-climatic\\\/\"},\"wordCount\":492,\"publisher\":{\"@id\":\"https:\\\/\\\/espeltviticultors.com\\\/#organization\"},\"image\":{\"@id\":\"https:\\\/\\\/espeltviticultors.com\\\/es\\\/mas-mares-gestio-agroforestal-contra-el-canvi-climatic\\\/#primaryimage\"},\"thumbnailUrl\":\"https:\\\/\\\/espeltviticultors.com\\\/wp-content\\\/uploads\\\/2024\\\/02\\\/Lifemidmaccblog.png\",\"articleSection\":[\"Natura\",\"Noticias\",\"Viticultura\"],\"inLanguage\":\"es\"},{\"@type\":\"WebPage\",\"@id\":\"https:\\\/\\\/espeltviticultors.com\\\/es\\\/mas-mares-gestio-agroforestal-contra-el-canvi-climatic\\\/\",\"url\":\"https:\\\/\\\/espeltviticultors.com\\\/es\\\/mas-mares-gestio-agroforestal-contra-el-canvi-climatic\\\/\",\"name\":\"Mas Mar\u00e8s, gesti\u00f3n agroforestal contra el cambio clim\u00e1tico -\",\"isPartOf\":{\"@id\":\"https:\\\/\\\/espeltviticultors.com\\\/#website\"},\"primaryImageOfPage\":{\"@id\":\"https:\\\/\\\/espeltviticultors.com\\\/es\\\/mas-mares-gestio-agroforestal-contra-el-canvi-climatic\\\/#primaryimage\"},\"image\":{\"@id\":\"https:\\\/\\\/espeltviticultors.com\\\/es\\\/mas-mares-gestio-agroforestal-contra-el-canvi-climatic\\\/#primaryimage\"},\"thumbnailUrl\":\"https:\\\/\\\/espeltviticultors.com\\\/wp-content\\\/uploads\\\/2024\\\/02\\\/Lifemidmaccblog.png\",\"datePublished\":\"2024-02-01T12:08:33+00:00\",\"dateModified\":\"2024-02-01T12:35:45+00:00\",\"description\":\"Mas Mar\u00e8s es un ejemplo de gesti\u00f3n agroforestal contra el cambio clim\u00e1tico, lo certifica un estudio del programa LIFE MIDMACC\",\"breadcrumb\":{\"@id\":\"https:\\\/\\\/espeltviticultors.com\\\/es\\\/mas-mares-gestio-agroforestal-contra-el-canvi-climatic\\\/#breadcrumb\"},\"inLanguage\":\"es\",\"potentialAction\":[{\"@type\":\"ReadAction\",\"target\":[\"https:\\\/\\\/espeltviticultors.com\\\/es\\\/mas-mares-gestio-agroforestal-contra-el-canvi-climatic\\\/\"]}]},{\"@type\":\"ImageObject\",\"inLanguage\":\"es\",\"@id\":\"https:\\\/\\\/espeltviticultors.com\\\/es\\\/mas-mares-gestio-agroforestal-contra-el-canvi-climatic\\\/#primaryimage\",\"url\":\"https:\\\/\\\/espeltviticultors.com\\\/wp-content\\\/uploads\\\/2024\\\/02\\\/Lifemidmaccblog.png\",\"contentUrl\":\"https:\\\/\\\/espeltviticultors.com\\\/wp-content\\\/uploads\\\/2024\\\/02\\\/Lifemidmaccblog.png\",\"width\":680,\"height\":420,\"caption\":\"lifemidmacc\"},{\"@type\":\"BreadcrumbList\",\"@id\":\"https:\\\/\\\/espeltviticultors.com\\\/es\\\/mas-mares-gestio-agroforestal-contra-el-canvi-climatic\\\/#breadcrumb\",\"itemListElement\":[{\"@type\":\"ListItem\",\"position\":1,\"name\":\"Portada\",\"item\":\"https:\\\/\\\/espeltviticultors.com\\\/es\\\/\"},{\"@type\":\"ListItem\",\"position\":2,\"name\":\"Mas Mar\u00e8s, gesti\u00f3n agroforestal contra el cambio clim\u00e1tico\"}]},{\"@type\":\"WebSite\",\"@id\":\"https:\\\/\\\/espeltviticultors.com\\\/#website\",\"url\":\"https:\\\/\\\/espeltviticultors.com\\\/\",\"name\":\"Espelt Viticultores\",\"description\":\"Vinos del Empord\u00e0 i enoturismo\",\"publisher\":{\"@id\":\"https:\\\/\\\/espeltviticultors.com\\\/#organization\"},\"potentialAction\":[{\"@type\":\"SearchAction\",\"target\":{\"@type\":\"EntryPoint\",\"urlTemplate\":\"https:\\\/\\\/espeltviticultors.com\\\/?s={search_term_string}\"},\"query-input\":{\"@type\":\"PropertyValueSpecification\",\"valueRequired\":true,\"valueName\":\"search_term_string\"}}],\"inLanguage\":\"es\"},{\"@type\":\"Organization\",\"@id\":\"https:\\\/\\\/espeltviticultors.com\\\/#organization\",\"name\":\"Espelt Viticultors - tienda online\",\"url\":\"https:\\\/\\\/espeltviticultors.com\\\/\",\"logo\":{\"@type\":\"ImageObject\",\"inLanguage\":\"es\",\"@id\":\"https:\\\/\\\/espeltviticultors.com\\\/#\\\/schema\\\/logo\\\/image\\\/\",\"url\":\"https:\\\/\\\/espeltviticultors.com\\\/wp-content\\\/uploads\\\/2021\\\/02\\\/logo_color_trasparent.png\",\"contentUrl\":\"https:\\\/\\\/espeltviticultors.com\\\/wp-content\\\/uploads\\\/2021\\\/02\\\/logo_color_trasparent.png\",\"width\":818,\"height\":272,\"caption\":\"Espelt Viticultors - tienda online\"},\"image\":{\"@id\":\"https:\\\/\\\/espeltviticultors.com\\\/#\\\/schema\\\/logo\\\/image\\\/\"},\"sameAs\":[\"https:\\\/\\\/www.facebook.com\\\/espelt.viticultors\",\"https:\\\/\\\/x.com\\\/CellerEspelt\",\"https:\\\/\\\/www.instagram.com\\\/cellerespelt\\\/\"]},{\"@type\":\"Person\",\"@id\":\"https:\\\/\\\/espeltviticultors.com\\\/#\\\/schema\\\/person\\\/5f5c9de012090df361fdb0b0040a15e1\",\"name\":\"Marina Planella\"}]}<\/script>\n<!-- \/ Yoast SEO Premium plugin. -->","yoast_head_json":{"title":"Mas Mar\u00e8s, gesti\u00f3n agroforestal contra el cambio clim\u00e1tico -","description":"Mas Mar\u00e8s es un ejemplo de gesti\u00f3n agroforestal contra el cambio clim\u00e1tico, lo certifica un estudio del programa LIFE MIDMACC","robots":{"index":"index","follow":"follow","max-snippet":"max-snippet:-1","max-image-preview":"max-image-preview:large","max-video-preview":"max-video-preview:-1"},"canonical":"https:\/\/espeltviticultors.com\/es\/mas-mares-gestio-agroforestal-contra-el-canvi-climatic\/","og_locale":"es_ES","og_type":"article","og_title":"Mas Mar\u00e8s, gesti\u00f3n agroforestal contra el cambio clim\u00e1tico","og_description":"La Oficina Catalana del Cambio Clim\u00e1tico saca una gu\u00eda de los resultados del proyecto LIFE MIDMACC con el que hemos colaborado en los \u00faltimos cuatro a\u00f1os.","og_url":"https:\/\/espeltviticultors.com\/es\/mas-mares-gestio-agroforestal-contra-el-canvi-climatic\/","og_site_name":"Espelt Viticultores","article_publisher":"https:\/\/www.facebook.com\/espelt.viticultors","article_published_time":"2024-02-01T12:08:33+00:00","article_modified_time":"2024-02-01T12:35:45+00:00","og_image":[{"width":680,"height":420,"url":"https:\/\/espeltviticultors.com\/wp-content\/uploads\/2024\/02\/Lifemidmaccblog.png","type":"image\/png"}],"author":"Marina Planella","twitter_card":"summary_large_image","twitter_creator":"@CellerEspelt","twitter_site":"@CellerEspelt","twitter_misc":{"Escrito por":"Marina Planella","Tiempo de lectura":"2 minutos"},"schema":{"@context":"https:\/\/schema.org","@graph":[{"@type":"Article","@id":"https:\/\/espeltviticultors.com\/es\/mas-mares-gestio-agroforestal-contra-el-canvi-climatic\/#article","isPartOf":{"@id":"https:\/\/espeltviticultors.com\/es\/mas-mares-gestio-agroforestal-contra-el-canvi-climatic\/"},"author":{"name":"Marina Planella","@id":"https:\/\/espeltviticultors.com\/#\/schema\/person\/5f5c9de012090df361fdb0b0040a15e1"},"headline":"Mas Mar\u00e8s, gesti\u00f3n agroforestal contra el cambio clim\u00e1tico","datePublished":"2024-02-01T12:08:33+00:00","dateModified":"2024-02-01T12:35:45+00:00","mainEntityOfPage":{"@id":"https:\/\/espeltviticultors.com\/es\/mas-mares-gestio-agroforestal-contra-el-canvi-climatic\/"},"wordCount":492,"publisher":{"@id":"https:\/\/espeltviticultors.com\/#organization"},"image":{"@id":"https:\/\/espeltviticultors.com\/es\/mas-mares-gestio-agroforestal-contra-el-canvi-climatic\/#primaryimage"},"thumbnailUrl":"https:\/\/espeltviticultors.com\/wp-content\/uploads\/2024\/02\/Lifemidmaccblog.png","articleSection":["Natura","Noticias","Viticultura"],"inLanguage":"es"},{"@type":"WebPage","@id":"https:\/\/espeltviticultors.com\/es\/mas-mares-gestio-agroforestal-contra-el-canvi-climatic\/","url":"https:\/\/espeltviticultors.com\/es\/mas-mares-gestio-agroforestal-contra-el-canvi-climatic\/","name":"Mas Mar\u00e8s, gesti\u00f3n agroforestal contra el cambio clim\u00e1tico -","isPartOf":{"@id":"https:\/\/espeltviticultors.com\/#website"},"primaryImageOfPage":{"@id":"https:\/\/espeltviticultors.com\/es\/mas-mares-gestio-agroforestal-contra-el-canvi-climatic\/#primaryimage"},"image":{"@id":"https:\/\/espeltviticultors.com\/es\/mas-mares-gestio-agroforestal-contra-el-canvi-climatic\/#primaryimage"},"thumbnailUrl":"https:\/\/espeltviticultors.com\/wp-content\/uploads\/2024\/02\/Lifemidmaccblog.png","datePublished":"2024-02-01T12:08:33+00:00","dateModified":"2024-02-01T12:35:45+00:00","description":"Mas Mar\u00e8s es un ejemplo de gesti\u00f3n agroforestal contra el cambio clim\u00e1tico, lo certifica un estudio del programa LIFE MIDMACC","breadcrumb":{"@id":"https:\/\/espeltviticultors.com\/es\/mas-mares-gestio-agroforestal-contra-el-canvi-climatic\/#breadcrumb"},"inLanguage":"es","potentialAction":[{"@type":"ReadAction","target":["https:\/\/espeltviticultors.com\/es\/mas-mares-gestio-agroforestal-contra-el-canvi-climatic\/"]}]},{"@type":"ImageObject","inLanguage":"es","@id":"https:\/\/espeltviticultors.com\/es\/mas-mares-gestio-agroforestal-contra-el-canvi-climatic\/#primaryimage","url":"https:\/\/espeltviticultors.com\/wp-content\/uploads\/2024\/02\/Lifemidmaccblog.png","contentUrl":"https:\/\/espeltviticultors.com\/wp-content\/uploads\/2024\/02\/Lifemidmaccblog.png","width":680,"height":420,"caption":"lifemidmacc"},{"@type":"BreadcrumbList","@id":"https:\/\/espeltviticultors.com\/es\/mas-mares-gestio-agroforestal-contra-el-canvi-climatic\/#breadcrumb","itemListElement":[{"@type":"ListItem","position":1,"name":"Portada","item":"https:\/\/espeltviticultors.com\/es\/"},{"@type":"ListItem","position":2,"name":"Mas Mar\u00e8s, gesti\u00f3n agroforestal contra el cambio clim\u00e1tico"}]},{"@type":"WebSite","@id":"https:\/\/espeltviticultors.com\/#website","url":"https:\/\/espeltviticultors.com\/","name":"Espelt Viticultores","description":"Vinos del Empord\u00e0 i enoturismo","publisher":{"@id":"https:\/\/espeltviticultors.com\/#organization"},"potentialAction":[{"@type":"SearchAction","target":{"@type":"EntryPoint","urlTemplate":"https:\/\/espeltviticultors.com\/?s={search_term_string}"},"query-input":{"@type":"PropertyValueSpecification","valueRequired":true,"valueName":"search_term_string"}}],"inLanguage":"es"},{"@type":"Organization","@id":"https:\/\/espeltviticultors.com\/#organization","name":"Espelt Viticultors - tienda online","url":"https:\/\/espeltviticultors.com\/","logo":{"@type":"ImageObject","inLanguage":"es","@id":"https:\/\/espeltviticultors.com\/#\/schema\/logo\/image\/","url":"https:\/\/espeltviticultors.com\/wp-content\/uploads\/2021\/02\/logo_color_trasparent.png","contentUrl":"https:\/\/espeltviticultors.com\/wp-content\/uploads\/2021\/02\/logo_color_trasparent.png","width":818,"height":272,"caption":"Espelt Viticultors - tienda online"},"image":{"@id":"https:\/\/espeltviticultors.com\/#\/schema\/logo\/image\/"},"sameAs":["https:\/\/www.facebook.com\/espelt.viticultors","https:\/\/x.com\/CellerEspelt","https:\/\/www.instagram.com\/cellerespelt\/"]},{"@type":"Person","@id":"https:\/\/espeltviticultors.com\/#\/schema\/person\/5f5c9de012090df361fdb0b0040a15e1","name":"Marina Planella"}]}},"_links":{"self":[{"href":"https:\/\/espeltviticultors.com\/es\/wp-json\/wp\/v2\/posts\/7633","targetHints":{"allow":["GET"]}}],"collection":[{"href":"https:\/\/espeltviticultors.com\/es\/wp-json\/wp\/v2\/posts"}],"about":[{"href":"https:\/\/espeltviticultors.com\/es\/wp-json\/wp\/v2\/types\/post"}],"author":[{"embeddable":true,"href":"https:\/\/espeltviticultors.com\/es\/wp-json\/wp\/v2\/users\/2"}],"replies":[{"embeddable":true,"href":"https:\/\/espeltviticultors.com\/es\/wp-json\/wp\/v2\/comments?post=7633"}],"version-history":[{"count":2,"href":"https:\/\/espeltviticultors.com\/es\/wp-json\/wp\/v2\/posts\/7633\/revisions"}],"predecessor-version":[{"id":7635,"href":"https:\/\/espeltviticultors.com\/es\/wp-json\/wp\/v2\/posts\/7633\/revisions\/7635"}],"wp:featuredmedia":[{"embeddable":true,"href":"https:\/\/espeltviticultors.com\/es\/wp-json\/wp\/v2\/media\/7630"}],"wp:attachment":[{"href":"https:\/\/espeltviticultors.com\/es\/wp-json\/wp\/v2\/media?parent=7633"}],"wp:term":[{"taxonomy":"category","embeddable":true,"href":"https:\/\/espeltviticultors.com\/es\/wp-json\/wp\/v2\/categories?post=7633"},{"taxonomy":"post_tag","embeddable":true,"href":"https:\/\/espeltviticultors.com\/es\/wp-json\/wp\/v2\/tags?post=7633"}],"curies":[{"name":"wp","href":"https:\/\/api.w.org\/{rel}","templated":true}]}}