{"id":7983,"date":"2024-07-09T14:20:34","date_gmt":"2024-07-09T12:20:34","guid":{"rendered":"https:\/\/espeltviticultors.com\/coma-bruna-y-la-vella-con-muy-buenas-puntuaciones-en-decanter\/"},"modified":"2024-07-31T10:52:10","modified_gmt":"2024-07-31T08:52:10","slug":"coma-bruna-y-la-vella-con-muy-buenas-puntuaciones-en-decanter","status":"publish","type":"post","link":"https:\/\/espeltviticultors.com\/es\/coma-bruna-y-la-vella-con-muy-buenas-puntuaciones-en-decanter\/","title":{"rendered":"Coma Bruna y La Vella con muy buenas puntuaciones en Decanter"},"content":{"rendered":"\n<h2 class=\"wp-block-heading\">Espelt Viticultors, ha sido una de las bodegas escogidas en la elecci\u00f3n sobre vinos del Empord\u00e0 en Decanter, una de las publicaciones m\u00e1s prestigiosas del mundo del vino. Los vinos Coma Bruna y La Vella han sido destacados por el experto Fintan Kerr, y los ha puntuado en su elecci\u00f3n experta del Empord\u00e0.<\/h2>\n\n<figure class=\"wp-block-image size-large\"><img loading=\"lazy\" decoding=\"async\" width=\"1024\" height=\"576\" src=\"https:\/\/espeltviticultors.com\/wp-content\/uploads\/2024\/07\/pack-terres-negres-i-quinze-roures-6-1024x576.jpg\" alt=\"Puntuaciones expert choice Empord&#xE0; Decanter \" class=\"wp-image-7959\" srcset=\"https:\/\/espeltviticultors.com\/wp-content\/uploads\/2024\/07\/pack-terres-negres-i-quinze-roures-6-1024x576.jpg 1024w, https:\/\/espeltviticultors.com\/wp-content\/uploads\/2024\/07\/pack-terres-negres-i-quinze-roures-6-300x169.jpg 300w, https:\/\/espeltviticultors.com\/wp-content\/uploads\/2024\/07\/pack-terres-negres-i-quinze-roures-6-768x432.jpg 768w, https:\/\/espeltviticultors.com\/wp-content\/uploads\/2024\/07\/pack-terres-negres-i-quinze-roures-6-1536x864.jpg 1536w, https:\/\/espeltviticultors.com\/wp-content\/uploads\/2024\/07\/pack-terres-negres-i-quinze-roures-6-1400x788.jpg 1400w, https:\/\/espeltviticultors.com\/wp-content\/uploads\/2024\/07\/pack-terres-negres-i-quinze-roures-6-600x338.jpg 600w, https:\/\/espeltviticultors.com\/wp-content\/uploads\/2024\/07\/pack-terres-negres-i-quinze-roures-6.jpg 1600w\" sizes=\"auto, (max-width: 1024px) 100vw, 1024px\" \/><\/figure>\n\n<p><strong>Coma Bruna: una joya de cari\u00f1ena centenaria<\/strong><\/p>\n\n<p>El <a href=\"https:\/\/espeltviticultors.com\/es\/tienda\/coma-bruna\/\">Coma Bruna<\/a> es un vino que encarna la esencia de los viejos vi\u00f1edos de Cari\u00f1ena. Proveniente de vi\u00f1edos centenarios, plantados en 1909, este vino ofrece una complejidad y profundidad que s\u00f3lo se pueden conseguir con la edad y el cuidado meticuloso. Fintan Kerr lo describe como &#8220;espinoso, floral y pizarroso&#8221;, el Coma Bruna destaca por su frescura y firmeza, mostrando una profundidad afrutada que refleja su herencia centenaria. Madurado durante 13 meses en foudres, este vino presenta una estructura robusta y evocadora, que nos hace pensar que envejecer\u00e1 muy bien tambi\u00e9n en botella. La combinaci\u00f3n de su perfil arom\u00e1tico y su proceso de maduraci\u00f3n lo hacen un vino especial, que refleja sin artificios el car\u00e1cter de una variedad local ampurdanesa como es la cari\u00f1ena tinta.<\/p>\n\n<p><strong>La Vella: la elegancia de la cari\u00f1ena blanca<\/strong><\/p>\n\n<p>Por otro lado, <a href=\"https:\/\/espeltviticultors.com\/es\/tienda\/la-vella-carinena-blanca\/\">La Vella<\/a> es una expresi\u00f3n aut\u00e9ntica de otra variedad local ampurdanesa de la que se conservan muy pocas cepas en un vi\u00f1edo centenario: la cari\u00f1ena blanca. Degustado tambi\u00e9n por el experto en vinos Fintan Kerr, La Vella se distingue por sus notas de flores blancas, avellanas, caparaz\u00f3n de naranja y frutas de hueso maduras. Con una acidez amplia que sostiene un final largo y suave. Todo ello hace que este vino ofrezca una experiencia de degustaci\u00f3n refinada y equilibrada. La Vella, 100% cari\u00f1ena blanca, ha estado madurado durante ocho meses sobre las madres finas en huevos de cemento, una t\u00e9cnica que contribuye a su textura y complejidad, lo que tambi\u00e9n nos hace pensar que tendr\u00e1 una buena maduraci\u00f3n en botella y nos permitir\u00e1 degustarlo durante muchos a\u00f1os m\u00e1s. Tanto La Vella como el Coma Bruna tienen certificaci\u00f3n ecol\u00f3gica, lo que se\u00f1ala una vez m\u00e1s el compromiso de Espelt Viticultors con la viticultura org\u00e1nica y la producci\u00f3n de vinos que respetan y celebran su terru\u00f1o<\/p>\n\n<p><strong>Nuestro compromiso con la calidad y la sostenibilidad<\/strong><\/p>\n\n<p>Estos reconocimientos de <a href=\"https:\/\/www.decanter.com\/premium\/experts-choice-emporda-531111\/\">Decanter<\/a> no s\u00f3lo destacan la calidad de los vinos de Espelt Viticultors, sino tambi\u00e9n la dedicaci\u00f3n a pr\u00e1cticas vitivin\u00edcolas sostenibles y org\u00e1nicas. Al preservar y rendir homenaje vi\u00f1edos centenarios, recuperamos no s\u00f3lo variedades locales casi desaparecidas, sino que tambi\u00e9n protegemos un valioso patrimonio paisaj\u00edstico y cultural.<\/p>\n\n<p>Si desea explorar los tesoros del Empord\u00e0 m\u00e1s aut\u00e9ntico, el Coma Bruna y <a href=\"https:\/\/espeltviticultors.com\/es\/la-vella-carinena-blanca-del-emporda\/\">La Vella<\/a>\u00a0 representan una oportunidad \u00fanica para saborear la historia y unas variedades locales en su m\u00e1xima expresi\u00f3n ampurdanesa. Estas puntuaciones son un reconocimiento al trabajo constante por preservar el territorio y una tradici\u00f3n vitivin\u00edcola de m\u00e1s de ocho generaciones Espelt. \u00a1Brindemos para celebrarlo!<\/p>\n\n<figure class=\"wp-block-image size-full\"><img loading=\"lazy\" decoding=\"async\" width=\"1024\" height=\"768\" src=\"https:\/\/espeltviticultors.com\/wp-content\/uploads\/2024\/07\/WhatsApp-Image-2020-02-28-at-09.59.18.jpeg\" alt=\"Angel Poch, viticultor de La Vella\" class=\"wp-image-7962\" srcset=\"https:\/\/espeltviticultors.com\/wp-content\/uploads\/2024\/07\/WhatsApp-Image-2020-02-28-at-09.59.18.jpeg 1024w, https:\/\/espeltviticultors.com\/wp-content\/uploads\/2024\/07\/WhatsApp-Image-2020-02-28-at-09.59.18-300x225.jpeg 300w, https:\/\/espeltviticultors.com\/wp-content\/uploads\/2024\/07\/WhatsApp-Image-2020-02-28-at-09.59.18-768x576.jpeg 768w, https:\/\/espeltviticultors.com\/wp-content\/uploads\/2024\/07\/WhatsApp-Image-2020-02-28-at-09.59.18-600x450.jpeg 600w\" sizes=\"auto, (max-width: 1024px) 100vw, 1024px\" \/><figcaption class=\"wp-element-caption\">\u00c0ngel Poch viticultor que ha preservado la cari\u00f1ena blanca de la vi\u00f1a de La Vella<\/figcaption><\/figure>\n\n<p><\/p>\n","protected":false},"excerpt":{"rendered":"<p>Espelt Viticultors, ha sido una de las bodegas escogidas en la elecci\u00f3n sobre vinos del Empord\u00e0 en Decanter, una de las publicaciones m\u00e1s prestigiosas del mundo del vino. Los vinos Coma Bruna y La Vella han sido destacados por el experto Fintan Kerr, y los ha puntuado en su elecci\u00f3n experta del Empord\u00e0. Coma Bruna: [&hellip;]<\/p>\n","protected":false},"author":2,"featured_media":7967,"comment_status":"closed","ping_status":"closed","sticky":false,"template":"","format":"standard","meta":{"footnotes":""},"categories":[208,209],"tags":[],"class_list":["post-7983","post","type-post","status-publish","format-standard","has-post-thumbnail","hentry","category-noticias","category-reconocimientos"],"yoast_head":"<!-- This site is optimized with the Yoast SEO Premium plugin v19.3 (Yoast SEO v27.4) - https:\/\/yoast.com\/product\/yoast-seo-premium-wordpress\/ -->\n<title>Coma Bruna y La Vella con muy buenas puntuaciones en Decanter -<\/title>\n<meta name=\"description\" content=\"Coma Bruna y La Vella reciben buenas puntuaciones en la cata experta sobre el Empord\u00e0 de Decanter, la prestigiosa publicaci\u00f3n del mundo del vino.\" \/>\n<meta name=\"robots\" content=\"index, follow, max-snippet:-1, max-image-preview:large, max-video-preview:-1\" \/>\n<link rel=\"canonical\" href=\"https:\/\/espeltviticultors.com\/es\/coma-bruna-y-la-vella-con-muy-buenas-puntuaciones-en-decanter\/\" \/>\n<meta property=\"og:locale\" content=\"es_ES\" \/>\n<meta property=\"og:type\" content=\"article\" \/>\n<meta property=\"og:title\" content=\"Coma Bruna y La Vella con muy buenas puntuaciones en Decanter\" \/>\n<meta property=\"og:description\" content=\"Espelt Viticultors, ha sido una de las bodegas escogidas en la elecci\u00f3n sobre vinos del Empord\u00e0 en Decanter, una de las publicaciones m\u00e1s prestigiosas del\" \/>\n<meta property=\"og:url\" content=\"https:\/\/espeltviticultors.com\/es\/coma-bruna-y-la-vella-con-muy-buenas-puntuaciones-en-decanter\/\" \/>\n<meta property=\"og:site_name\" content=\"Espelt Viticultores\" \/>\n<meta property=\"article:publisher\" content=\"https:\/\/www.facebook.com\/espelt.viticultors\" \/>\n<meta property=\"article:published_time\" content=\"2024-07-09T12:20:34+00:00\" \/>\n<meta property=\"article:modified_time\" content=\"2024-07-31T08:52:10+00:00\" \/>\n<meta property=\"og:image\" content=\"https:\/\/espeltviticultors.com\/wp-content\/uploads\/2024\/07\/pack-terres-negres-i-quinze-roures-680-x-420-px.jpg\" \/>\n\t<meta property=\"og:image:width\" content=\"680\" \/>\n\t<meta property=\"og:image:height\" content=\"420\" \/>\n\t<meta property=\"og:image:type\" content=\"image\/jpeg\" \/>\n<meta name=\"author\" content=\"Marina Planella\" \/>\n<meta name=\"twitter:card\" content=\"summary_large_image\" \/>\n<meta name=\"twitter:creator\" content=\"@CellerEspelt\" \/>\n<meta name=\"twitter:site\" content=\"@CellerEspelt\" \/>\n<meta name=\"twitter:label1\" content=\"Escrito por\" \/>\n\t<meta name=\"twitter:data1\" content=\"Marina Planella\" \/>\n\t<meta name=\"twitter:label2\" content=\"Tiempo de lectura\" \/>\n\t<meta name=\"twitter:data2\" content=\"3 minutos\" \/>\n<script type=\"application\/ld+json\" class=\"yoast-schema-graph\">{\"@context\":\"https:\\\/\\\/schema.org\",\"@graph\":[{\"@type\":\"Article\",\"@id\":\"https:\\\/\\\/espeltviticultors.com\\\/es\\\/coma-bruna-y-la-vella-con-muy-buenas-puntuaciones-en-decanter\\\/#article\",\"isPartOf\":{\"@id\":\"https:\\\/\\\/espeltviticultors.com\\\/es\\\/coma-bruna-y-la-vella-con-muy-buenas-puntuaciones-en-decanter\\\/\"},\"author\":{\"name\":\"Marina Planella\",\"@id\":\"https:\\\/\\\/espeltviticultors.com\\\/#\\\/schema\\\/person\\\/5f5c9de012090df361fdb0b0040a15e1\"},\"headline\":\"Coma Bruna y La Vella con muy buenas puntuaciones en Decanter\",\"datePublished\":\"2024-07-09T12:20:34+00:00\",\"dateModified\":\"2024-07-31T08:52:10+00:00\",\"mainEntityOfPage\":{\"@id\":\"https:\\\/\\\/espeltviticultors.com\\\/es\\\/coma-bruna-y-la-vella-con-muy-buenas-puntuaciones-en-decanter\\\/\"},\"wordCount\":552,\"publisher\":{\"@id\":\"https:\\\/\\\/espeltviticultors.com\\\/#organization\"},\"image\":{\"@id\":\"https:\\\/\\\/espeltviticultors.com\\\/es\\\/coma-bruna-y-la-vella-con-muy-buenas-puntuaciones-en-decanter\\\/#primaryimage\"},\"thumbnailUrl\":\"https:\\\/\\\/espeltviticultors.com\\\/wp-content\\\/uploads\\\/2024\\\/07\\\/pack-terres-negres-i-quinze-roures-680-x-420-px.jpg\",\"articleSection\":[\"Noticias\",\"Reconocimientos\"],\"inLanguage\":\"es\"},{\"@type\":\"WebPage\",\"@id\":\"https:\\\/\\\/espeltviticultors.com\\\/es\\\/coma-bruna-y-la-vella-con-muy-buenas-puntuaciones-en-decanter\\\/\",\"url\":\"https:\\\/\\\/espeltviticultors.com\\\/es\\\/coma-bruna-y-la-vella-con-muy-buenas-puntuaciones-en-decanter\\\/\",\"name\":\"Coma Bruna y La Vella con muy buenas puntuaciones en Decanter -\",\"isPartOf\":{\"@id\":\"https:\\\/\\\/espeltviticultors.com\\\/#website\"},\"primaryImageOfPage\":{\"@id\":\"https:\\\/\\\/espeltviticultors.com\\\/es\\\/coma-bruna-y-la-vella-con-muy-buenas-puntuaciones-en-decanter\\\/#primaryimage\"},\"image\":{\"@id\":\"https:\\\/\\\/espeltviticultors.com\\\/es\\\/coma-bruna-y-la-vella-con-muy-buenas-puntuaciones-en-decanter\\\/#primaryimage\"},\"thumbnailUrl\":\"https:\\\/\\\/espeltviticultors.com\\\/wp-content\\\/uploads\\\/2024\\\/07\\\/pack-terres-negres-i-quinze-roures-680-x-420-px.jpg\",\"datePublished\":\"2024-07-09T12:20:34+00:00\",\"dateModified\":\"2024-07-31T08:52:10+00:00\",\"description\":\"Coma Bruna y La Vella reciben buenas puntuaciones en la cata experta sobre el Empord\u00e0 de Decanter, la prestigiosa publicaci\u00f3n del mundo del vino.\",\"breadcrumb\":{\"@id\":\"https:\\\/\\\/espeltviticultors.com\\\/es\\\/coma-bruna-y-la-vella-con-muy-buenas-puntuaciones-en-decanter\\\/#breadcrumb\"},\"inLanguage\":\"es\",\"potentialAction\":[{\"@type\":\"ReadAction\",\"target\":[\"https:\\\/\\\/espeltviticultors.com\\\/es\\\/coma-bruna-y-la-vella-con-muy-buenas-puntuaciones-en-decanter\\\/\"]}]},{\"@type\":\"ImageObject\",\"inLanguage\":\"es\",\"@id\":\"https:\\\/\\\/espeltviticultors.com\\\/es\\\/coma-bruna-y-la-vella-con-muy-buenas-puntuaciones-en-decanter\\\/#primaryimage\",\"url\":\"https:\\\/\\\/espeltviticultors.com\\\/wp-content\\\/uploads\\\/2024\\\/07\\\/pack-terres-negres-i-quinze-roures-680-x-420-px.jpg\",\"contentUrl\":\"https:\\\/\\\/espeltviticultors.com\\\/wp-content\\\/uploads\\\/2024\\\/07\\\/pack-terres-negres-i-quinze-roures-680-x-420-px.jpg\",\"width\":680,\"height\":420,\"caption\":\"Decanter expert choice Empord\u00e0 Espelt\"},{\"@type\":\"BreadcrumbList\",\"@id\":\"https:\\\/\\\/espeltviticultors.com\\\/es\\\/coma-bruna-y-la-vella-con-muy-buenas-puntuaciones-en-decanter\\\/#breadcrumb\",\"itemListElement\":[{\"@type\":\"ListItem\",\"position\":1,\"name\":\"Portada\",\"item\":\"https:\\\/\\\/espeltviticultors.com\\\/es\\\/\"},{\"@type\":\"ListItem\",\"position\":2,\"name\":\"Coma Bruna y La Vella con muy buenas puntuaciones en Decanter\"}]},{\"@type\":\"WebSite\",\"@id\":\"https:\\\/\\\/espeltviticultors.com\\\/#website\",\"url\":\"https:\\\/\\\/espeltviticultors.com\\\/\",\"name\":\"Espelt Viticultores\",\"description\":\"Vinos del Empord\u00e0 i enoturismo\",\"publisher\":{\"@id\":\"https:\\\/\\\/espeltviticultors.com\\\/#organization\"},\"potentialAction\":[{\"@type\":\"SearchAction\",\"target\":{\"@type\":\"EntryPoint\",\"urlTemplate\":\"https:\\\/\\\/espeltviticultors.com\\\/?s={search_term_string}\"},\"query-input\":{\"@type\":\"PropertyValueSpecification\",\"valueRequired\":true,\"valueName\":\"search_term_string\"}}],\"inLanguage\":\"es\"},{\"@type\":\"Organization\",\"@id\":\"https:\\\/\\\/espeltviticultors.com\\\/#organization\",\"name\":\"Espelt Viticultors - tienda online\",\"url\":\"https:\\\/\\\/espeltviticultors.com\\\/\",\"logo\":{\"@type\":\"ImageObject\",\"inLanguage\":\"es\",\"@id\":\"https:\\\/\\\/espeltviticultors.com\\\/#\\\/schema\\\/logo\\\/image\\\/\",\"url\":\"https:\\\/\\\/espeltviticultors.com\\\/wp-content\\\/uploads\\\/2021\\\/02\\\/logo_color_trasparent.png\",\"contentUrl\":\"https:\\\/\\\/espeltviticultors.com\\\/wp-content\\\/uploads\\\/2021\\\/02\\\/logo_color_trasparent.png\",\"width\":818,\"height\":272,\"caption\":\"Espelt Viticultors - tienda online\"},\"image\":{\"@id\":\"https:\\\/\\\/espeltviticultors.com\\\/#\\\/schema\\\/logo\\\/image\\\/\"},\"sameAs\":[\"https:\\\/\\\/www.facebook.com\\\/espelt.viticultors\",\"https:\\\/\\\/x.com\\\/CellerEspelt\",\"https:\\\/\\\/www.instagram.com\\\/cellerespelt\\\/\"]},{\"@type\":\"Person\",\"@id\":\"https:\\\/\\\/espeltviticultors.com\\\/#\\\/schema\\\/person\\\/5f5c9de012090df361fdb0b0040a15e1\",\"name\":\"Marina Planella\"}]}<\/script>\n<!-- \/ Yoast SEO Premium plugin. -->","yoast_head_json":{"title":"Coma Bruna y La Vella con muy buenas puntuaciones en Decanter -","description":"Coma Bruna y La Vella reciben buenas puntuaciones en la cata experta sobre el Empord\u00e0 de Decanter, la prestigiosa publicaci\u00f3n del mundo del vino.","robots":{"index":"index","follow":"follow","max-snippet":"max-snippet:-1","max-image-preview":"max-image-preview:large","max-video-preview":"max-video-preview:-1"},"canonical":"https:\/\/espeltviticultors.com\/es\/coma-bruna-y-la-vella-con-muy-buenas-puntuaciones-en-decanter\/","og_locale":"es_ES","og_type":"article","og_title":"Coma Bruna y La Vella con muy buenas puntuaciones en Decanter","og_description":"Espelt Viticultors, ha sido una de las bodegas escogidas en la elecci\u00f3n sobre vinos del Empord\u00e0 en Decanter, una de las publicaciones m\u00e1s prestigiosas del","og_url":"https:\/\/espeltviticultors.com\/es\/coma-bruna-y-la-vella-con-muy-buenas-puntuaciones-en-decanter\/","og_site_name":"Espelt Viticultores","article_publisher":"https:\/\/www.facebook.com\/espelt.viticultors","article_published_time":"2024-07-09T12:20:34+00:00","article_modified_time":"2024-07-31T08:52:10+00:00","og_image":[{"width":680,"height":420,"url":"https:\/\/espeltviticultors.com\/wp-content\/uploads\/2024\/07\/pack-terres-negres-i-quinze-roures-680-x-420-px.jpg","type":"image\/jpeg"}],"author":"Marina Planella","twitter_card":"summary_large_image","twitter_creator":"@CellerEspelt","twitter_site":"@CellerEspelt","twitter_misc":{"Escrito por":"Marina Planella","Tiempo de lectura":"3 minutos"},"schema":{"@context":"https:\/\/schema.org","@graph":[{"@type":"Article","@id":"https:\/\/espeltviticultors.com\/es\/coma-bruna-y-la-vella-con-muy-buenas-puntuaciones-en-decanter\/#article","isPartOf":{"@id":"https:\/\/espeltviticultors.com\/es\/coma-bruna-y-la-vella-con-muy-buenas-puntuaciones-en-decanter\/"},"author":{"name":"Marina Planella","@id":"https:\/\/espeltviticultors.com\/#\/schema\/person\/5f5c9de012090df361fdb0b0040a15e1"},"headline":"Coma Bruna y La Vella con muy buenas puntuaciones en Decanter","datePublished":"2024-07-09T12:20:34+00:00","dateModified":"2024-07-31T08:52:10+00:00","mainEntityOfPage":{"@id":"https:\/\/espeltviticultors.com\/es\/coma-bruna-y-la-vella-con-muy-buenas-puntuaciones-en-decanter\/"},"wordCount":552,"publisher":{"@id":"https:\/\/espeltviticultors.com\/#organization"},"image":{"@id":"https:\/\/espeltviticultors.com\/es\/coma-bruna-y-la-vella-con-muy-buenas-puntuaciones-en-decanter\/#primaryimage"},"thumbnailUrl":"https:\/\/espeltviticultors.com\/wp-content\/uploads\/2024\/07\/pack-terres-negres-i-quinze-roures-680-x-420-px.jpg","articleSection":["Noticias","Reconocimientos"],"inLanguage":"es"},{"@type":"WebPage","@id":"https:\/\/espeltviticultors.com\/es\/coma-bruna-y-la-vella-con-muy-buenas-puntuaciones-en-decanter\/","url":"https:\/\/espeltviticultors.com\/es\/coma-bruna-y-la-vella-con-muy-buenas-puntuaciones-en-decanter\/","name":"Coma Bruna y La Vella con muy buenas puntuaciones en Decanter -","isPartOf":{"@id":"https:\/\/espeltviticultors.com\/#website"},"primaryImageOfPage":{"@id":"https:\/\/espeltviticultors.com\/es\/coma-bruna-y-la-vella-con-muy-buenas-puntuaciones-en-decanter\/#primaryimage"},"image":{"@id":"https:\/\/espeltviticultors.com\/es\/coma-bruna-y-la-vella-con-muy-buenas-puntuaciones-en-decanter\/#primaryimage"},"thumbnailUrl":"https:\/\/espeltviticultors.com\/wp-content\/uploads\/2024\/07\/pack-terres-negres-i-quinze-roures-680-x-420-px.jpg","datePublished":"2024-07-09T12:20:34+00:00","dateModified":"2024-07-31T08:52:10+00:00","description":"Coma Bruna y La Vella reciben buenas puntuaciones en la cata experta sobre el Empord\u00e0 de Decanter, la prestigiosa publicaci\u00f3n del mundo del vino.","breadcrumb":{"@id":"https:\/\/espeltviticultors.com\/es\/coma-bruna-y-la-vella-con-muy-buenas-puntuaciones-en-decanter\/#breadcrumb"},"inLanguage":"es","potentialAction":[{"@type":"ReadAction","target":["https:\/\/espeltviticultors.com\/es\/coma-bruna-y-la-vella-con-muy-buenas-puntuaciones-en-decanter\/"]}]},{"@type":"ImageObject","inLanguage":"es","@id":"https:\/\/espeltviticultors.com\/es\/coma-bruna-y-la-vella-con-muy-buenas-puntuaciones-en-decanter\/#primaryimage","url":"https:\/\/espeltviticultors.com\/wp-content\/uploads\/2024\/07\/pack-terres-negres-i-quinze-roures-680-x-420-px.jpg","contentUrl":"https:\/\/espeltviticultors.com\/wp-content\/uploads\/2024\/07\/pack-terres-negres-i-quinze-roures-680-x-420-px.jpg","width":680,"height":420,"caption":"Decanter expert choice Empord\u00e0 Espelt"},{"@type":"BreadcrumbList","@id":"https:\/\/espeltviticultors.com\/es\/coma-bruna-y-la-vella-con-muy-buenas-puntuaciones-en-decanter\/#breadcrumb","itemListElement":[{"@type":"ListItem","position":1,"name":"Portada","item":"https:\/\/espeltviticultors.com\/es\/"},{"@type":"ListItem","position":2,"name":"Coma Bruna y La Vella con muy buenas puntuaciones en Decanter"}]},{"@type":"WebSite","@id":"https:\/\/espeltviticultors.com\/#website","url":"https:\/\/espeltviticultors.com\/","name":"Espelt Viticultores","description":"Vinos del Empord\u00e0 i enoturismo","publisher":{"@id":"https:\/\/espeltviticultors.com\/#organization"},"potentialAction":[{"@type":"SearchAction","target":{"@type":"EntryPoint","urlTemplate":"https:\/\/espeltviticultors.com\/?s={search_term_string}"},"query-input":{"@type":"PropertyValueSpecification","valueRequired":true,"valueName":"search_term_string"}}],"inLanguage":"es"},{"@type":"Organization","@id":"https:\/\/espeltviticultors.com\/#organization","name":"Espelt Viticultors - tienda online","url":"https:\/\/espeltviticultors.com\/","logo":{"@type":"ImageObject","inLanguage":"es","@id":"https:\/\/espeltviticultors.com\/#\/schema\/logo\/image\/","url":"https:\/\/espeltviticultors.com\/wp-content\/uploads\/2021\/02\/logo_color_trasparent.png","contentUrl":"https:\/\/espeltviticultors.com\/wp-content\/uploads\/2021\/02\/logo_color_trasparent.png","width":818,"height":272,"caption":"Espelt Viticultors - tienda online"},"image":{"@id":"https:\/\/espeltviticultors.com\/#\/schema\/logo\/image\/"},"sameAs":["https:\/\/www.facebook.com\/espelt.viticultors","https:\/\/x.com\/CellerEspelt","https:\/\/www.instagram.com\/cellerespelt\/"]},{"@type":"Person","@id":"https:\/\/espeltviticultors.com\/#\/schema\/person\/5f5c9de012090df361fdb0b0040a15e1","name":"Marina Planella"}]}},"_links":{"self":[{"href":"https:\/\/espeltviticultors.com\/es\/wp-json\/wp\/v2\/posts\/7983","targetHints":{"allow":["GET"]}}],"collection":[{"href":"https:\/\/espeltviticultors.com\/es\/wp-json\/wp\/v2\/posts"}],"about":[{"href":"https:\/\/espeltviticultors.com\/es\/wp-json\/wp\/v2\/types\/post"}],"author":[{"embeddable":true,"href":"https:\/\/espeltviticultors.com\/es\/wp-json\/wp\/v2\/users\/2"}],"replies":[{"embeddable":true,"href":"https:\/\/espeltviticultors.com\/es\/wp-json\/wp\/v2\/comments?post=7983"}],"version-history":[{"count":1,"href":"https:\/\/espeltviticultors.com\/es\/wp-json\/wp\/v2\/posts\/7983\/revisions"}],"predecessor-version":[{"id":7984,"href":"https:\/\/espeltviticultors.com\/es\/wp-json\/wp\/v2\/posts\/7983\/revisions\/7984"}],"wp:featuredmedia":[{"embeddable":true,"href":"https:\/\/espeltviticultors.com\/es\/wp-json\/wp\/v2\/media\/7967"}],"wp:attachment":[{"href":"https:\/\/espeltviticultors.com\/es\/wp-json\/wp\/v2\/media?parent=7983"}],"wp:term":[{"taxonomy":"category","embeddable":true,"href":"https:\/\/espeltviticultors.com\/es\/wp-json\/wp\/v2\/categories?post=7983"},{"taxonomy":"post_tag","embeddable":true,"href":"https:\/\/espeltviticultors.com\/es\/wp-json\/wp\/v2\/tags?post=7983"}],"curies":[{"name":"wp","href":"https:\/\/api.w.org\/{rel}","templated":true}]}}