{"id":8136,"date":"2024-07-31T13:30:29","date_gmt":"2024-07-31T11:30:29","guid":{"rendered":"https:\/\/espeltviticultors.com\/puntuacions-extres-a-la-guia-penin-2025\/"},"modified":"2024-08-06T16:58:39","modified_gmt":"2024-08-06T14:58:39","slug":"puntuacions-extres-a-la-guia-penin-2025","status":"publish","type":"post","link":"https:\/\/espeltviticultors.com\/es\/puntuacions-extres-a-la-guia-penin-2025\/","title":{"rendered":"Puntuaciones extras en la Gu\u00eda Pe\u00f1\u00edn 2025"},"content":{"rendered":"\n<h2 class=\"wp-block-heading\">Espelt Viticultors ha obtenido unas puntuaciones excepcionales en la prestigiosa Gu\u00eda Pe\u00f1\u00edn 2025, reafirmando su posici\u00f3n como referente en el mundo del vino catal\u00e1n. Este reconocimiento es fruto del esfuerzo constante y la pasi\u00f3n por el vi\u00f1edo y el territorio que definen nuestra forma de entender el vino.<\/h2>\n\n<figure class=\"wp-block-image size-full\"><img loading=\"lazy\" decoding=\"async\" width=\"680\" height=\"420\" src=\"https:\/\/espeltviticultors.com\/wp-content\/uploads\/2024\/07\/pack-terres-negres-i-quinze-roures-680-x-420-px-2.jpg\" alt=\"\" class=\"wp-image-8130\" srcset=\"https:\/\/espeltviticultors.com\/wp-content\/uploads\/2024\/07\/pack-terres-negres-i-quinze-roures-680-x-420-px-2.jpg 680w, https:\/\/espeltviticultors.com\/wp-content\/uploads\/2024\/07\/pack-terres-negres-i-quinze-roures-680-x-420-px-2-300x185.jpg 300w, https:\/\/espeltviticultors.com\/wp-content\/uploads\/2024\/07\/pack-terres-negres-i-quinze-roures-680-x-420-px-2-600x371.jpg 600w\" sizes=\"auto, (max-width: 680px) 100vw, 680px\" \/><\/figure>\n\n<p><\/p>\n\n<p>Entre los vinos m\u00e1s destacados, encontramos Les Elies 2020 y Coma Bruna 2018, ambos con una puntuaci\u00f3n excelente de 93 puntos. Estos vinos reflejan la calidad superior y el cuidado en cada detalle del proceso de producci\u00f3n, desde la selecci\u00f3n de la uva hasta el envejecimiento en bodega. Les Elies 2020, uvas escogidas de la mejor garnacha tinta de cada a\u00f1ada, destaca por su intensidad arom\u00e1tica y una estructura elegante que seduce al paladar. Coma Bruna 2018, cari\u00f1ena tinta de vi\u00f1edos centenarios sobre suelos de esquistos en Rab\u00f3s, es una expresi\u00f3n pura del car\u00e1cter de la bodega, con una profundidad y riqueza que la hacen \u00fanica.<\/p>\n\n<h4 class=\"wp-block-heading\">6 vinos por encima de los 90 puntos<\/h4>\n\n<p>Lledoner Roig 2021 y Terres Negres 2020, ambos con 92 puntos cada uno, son dos de nuestros vinos emblem\u00e1ticos, que describen sin m\u00e1scaras el terroir ampurdan\u00e9s. Lledoner Roig 2021 es un vino blanco de garnacha roja o gris que sorprende por su vivacidad y finura, mientras que Terres Negres 2020 se presenta con una profundidad e intensidad que reflejan la riqueza de su origen.<\/p>\n\n<p>Pardells 2019, con 91 puntos, es un ejemplo excelente de la diversidad y calidad de la producci\u00f3n de Espelt. Un vino m\u00e1s robusto y complejo, ideal para momentos especiales, hecho de un cupaje de m\u00e1s de 9 variedades de una sola parcela de vi\u00f1edos viejos de Rab\u00f3s: cari\u00f1ena blanca y roja, almez blanco y rojo, picapoll y cuatro variedades m\u00e1s en proporciones m\u00ednimas.<\/p>\n\n<p>Por \u00faltimo, la mejor puntuaci\u00f3n la ha obtenido el Airam nuestro garnacha dulce de solera que ha conseguido una puntuaci\u00f3n impresionante de 94 puntos. Este vino representa nuestras ra\u00edces y el saber que hemos adquirido gracias a una familia dedicada a la viticultura y al vino desde hace ocho generaciones. Airam es un vino dulce que ha madurado con elegancia, ofreciendo una complejidad y profundidad excepcionales, un aut\u00e9ntico tesoro para los amantes de este garnacha dulce ampurdan\u00e9s.<\/p>\n\n<p>En resumen, las puntuaciones de la Gu\u00eda Pe\u00f1\u00edn 2025 no s\u00f3lo reconocen la calidad de nuestros vinos, de los mejores puntuados de la DO Empord\u00e0, sino que tambi\u00e9n celebran la dedicaci\u00f3n y la pasi\u00f3n que ponemos en cada botella. Desde aqu\u00ed hacemos un reconocimiento a todo el equipo de campo, enolog\u00eda y bodega por hacerlo posible. \u00a1Gracias!<\/p>\n","protected":false},"excerpt":{"rendered":"<p>Espelt Viticultors ha obtenido unas puntuaciones excepcionales en la prestigiosa Gu\u00eda Pe\u00f1\u00edn 2025, reafirmando su posici\u00f3n como referente en el mundo del vino catal\u00e1n. Este reconocimiento es fruto del esfuerzo constante y la pasi\u00f3n por el vi\u00f1edo y el territorio que definen nuestra forma de entender el vino. Entre los vinos m\u00e1s destacados, encontramos Les [&hellip;]<\/p>\n","protected":false},"author":2,"featured_media":8132,"comment_status":"closed","ping_status":"closed","sticky":false,"template":"","format":"standard","meta":{"footnotes":""},"categories":[208,209],"tags":[],"class_list":["post-8136","post","type-post","status-publish","format-standard","has-post-thumbnail","hentry","category-noticias","category-reconocimientos"],"yoast_head":"<!-- This site is optimized with the Yoast SEO Premium plugin v19.3 (Yoast SEO v27.4) - https:\/\/yoast.com\/product\/yoast-seo-premium-wordpress\/ -->\n<title>Puntuaciones extras en la Gu\u00eda Pe\u00f1\u00edn 2025 -<\/title>\n<meta name=\"description\" content=\"Espelt Viticultors obtiene puntuaciones extras en la Gu\u00eda Pe\u00f1\u00edn 2025. Airam 94 puntos, Coma Bruna y Les Elies 93 puntos.\" \/>\n<meta name=\"robots\" content=\"index, follow, max-snippet:-1, max-image-preview:large, max-video-preview:-1\" \/>\n<link rel=\"canonical\" href=\"https:\/\/espeltviticultors.com\/es\/puntuacions-extres-a-la-guia-penin-2025\/\" \/>\n<meta property=\"og:locale\" content=\"es_ES\" \/>\n<meta property=\"og:type\" content=\"article\" \/>\n<meta property=\"og:title\" content=\"Puntuaciones extras en la Gu\u00eda Pe\u00f1\u00edn 2025\" \/>\n<meta property=\"og:description\" content=\"Espelt Viticultors ha obtenido unas puntuaciones excepcionales en la prestigiosa Gu\u00eda Pe\u00f1\u00edn 2025, reafirmando su posici\u00f3n como referente en el mundo del\" \/>\n<meta property=\"og:url\" content=\"https:\/\/espeltviticultors.com\/es\/puntuacions-extres-a-la-guia-penin-2025\/\" \/>\n<meta property=\"og:site_name\" content=\"Espelt Viticultores\" \/>\n<meta property=\"article:publisher\" content=\"https:\/\/www.facebook.com\/espelt.viticultors\" \/>\n<meta property=\"article:published_time\" content=\"2024-07-31T11:30:29+00:00\" \/>\n<meta property=\"article:modified_time\" content=\"2024-08-06T14:58:39+00:00\" \/>\n<meta property=\"og:image\" content=\"https:\/\/espeltviticultors.com\/wp-content\/uploads\/2024\/07\/pack-terres-negres-i-quinze-roures-680-x-420-px-2.jpg\" \/>\n\t<meta property=\"og:image:width\" content=\"680\" \/>\n\t<meta property=\"og:image:height\" content=\"420\" \/>\n\t<meta property=\"og:image:type\" content=\"image\/jpeg\" \/>\n<meta name=\"author\" content=\"Marina Planella\" \/>\n<meta name=\"twitter:card\" content=\"summary_large_image\" \/>\n<meta name=\"twitter:creator\" content=\"@CellerEspelt\" \/>\n<meta name=\"twitter:site\" content=\"@CellerEspelt\" \/>\n<meta name=\"twitter:label1\" content=\"Escrito por\" \/>\n\t<meta name=\"twitter:data1\" content=\"Marina Planella\" \/>\n\t<meta name=\"twitter:label2\" content=\"Tiempo de lectura\" \/>\n\t<meta name=\"twitter:data2\" content=\"2 minutos\" \/>\n<script type=\"application\/ld+json\" class=\"yoast-schema-graph\">{\"@context\":\"https:\\\/\\\/schema.org\",\"@graph\":[{\"@type\":\"Article\",\"@id\":\"https:\\\/\\\/espeltviticultors.com\\\/es\\\/puntuacions-extres-a-la-guia-penin-2025\\\/#article\",\"isPartOf\":{\"@id\":\"https:\\\/\\\/espeltviticultors.com\\\/es\\\/puntuacions-extres-a-la-guia-penin-2025\\\/\"},\"author\":{\"name\":\"Marina Planella\",\"@id\":\"https:\\\/\\\/espeltviticultors.com\\\/#\\\/schema\\\/person\\\/5f5c9de012090df361fdb0b0040a15e1\"},\"headline\":\"Puntuaciones extras en la Gu\u00eda Pe\u00f1\u00edn 2025\",\"datePublished\":\"2024-07-31T11:30:29+00:00\",\"dateModified\":\"2024-08-06T14:58:39+00:00\",\"mainEntityOfPage\":{\"@id\":\"https:\\\/\\\/espeltviticultors.com\\\/es\\\/puntuacions-extres-a-la-guia-penin-2025\\\/\"},\"wordCount\":453,\"publisher\":{\"@id\":\"https:\\\/\\\/espeltviticultors.com\\\/#organization\"},\"image\":{\"@id\":\"https:\\\/\\\/espeltviticultors.com\\\/es\\\/puntuacions-extres-a-la-guia-penin-2025\\\/#primaryimage\"},\"thumbnailUrl\":\"https:\\\/\\\/espeltviticultors.com\\\/wp-content\\\/uploads\\\/2024\\\/07\\\/pack-terres-negres-i-quinze-roures-680-x-420-px-2.jpg\",\"articleSection\":[\"Noticias\",\"Reconocimientos\"],\"inLanguage\":\"es\"},{\"@type\":\"WebPage\",\"@id\":\"https:\\\/\\\/espeltviticultors.com\\\/es\\\/puntuacions-extres-a-la-guia-penin-2025\\\/\",\"url\":\"https:\\\/\\\/espeltviticultors.com\\\/es\\\/puntuacions-extres-a-la-guia-penin-2025\\\/\",\"name\":\"Puntuaciones extras en la Gu\u00eda Pe\u00f1\u00edn 2025 -\",\"isPartOf\":{\"@id\":\"https:\\\/\\\/espeltviticultors.com\\\/#website\"},\"primaryImageOfPage\":{\"@id\":\"https:\\\/\\\/espeltviticultors.com\\\/es\\\/puntuacions-extres-a-la-guia-penin-2025\\\/#primaryimage\"},\"image\":{\"@id\":\"https:\\\/\\\/espeltviticultors.com\\\/es\\\/puntuacions-extres-a-la-guia-penin-2025\\\/#primaryimage\"},\"thumbnailUrl\":\"https:\\\/\\\/espeltviticultors.com\\\/wp-content\\\/uploads\\\/2024\\\/07\\\/pack-terres-negres-i-quinze-roures-680-x-420-px-2.jpg\",\"datePublished\":\"2024-07-31T11:30:29+00:00\",\"dateModified\":\"2024-08-06T14:58:39+00:00\",\"description\":\"Espelt Viticultors obtiene puntuaciones extras en la Gu\u00eda Pe\u00f1\u00edn 2025. Airam 94 puntos, Coma Bruna y Les Elies 93 puntos.\",\"breadcrumb\":{\"@id\":\"https:\\\/\\\/espeltviticultors.com\\\/es\\\/puntuacions-extres-a-la-guia-penin-2025\\\/#breadcrumb\"},\"inLanguage\":\"es\",\"potentialAction\":[{\"@type\":\"ReadAction\",\"target\":[\"https:\\\/\\\/espeltviticultors.com\\\/es\\\/puntuacions-extres-a-la-guia-penin-2025\\\/\"]}]},{\"@type\":\"ImageObject\",\"inLanguage\":\"es\",\"@id\":\"https:\\\/\\\/espeltviticultors.com\\\/es\\\/puntuacions-extres-a-la-guia-penin-2025\\\/#primaryimage\",\"url\":\"https:\\\/\\\/espeltviticultors.com\\\/wp-content\\\/uploads\\\/2024\\\/07\\\/pack-terres-negres-i-quinze-roures-680-x-420-px-2.jpg\",\"contentUrl\":\"https:\\\/\\\/espeltviticultors.com\\\/wp-content\\\/uploads\\\/2024\\\/07\\\/pack-terres-negres-i-quinze-roures-680-x-420-px-2.jpg\",\"width\":680,\"height\":420,\"caption\":\"pe\u00f1in espelt 2025\"},{\"@type\":\"BreadcrumbList\",\"@id\":\"https:\\\/\\\/espeltviticultors.com\\\/es\\\/puntuacions-extres-a-la-guia-penin-2025\\\/#breadcrumb\",\"itemListElement\":[{\"@type\":\"ListItem\",\"position\":1,\"name\":\"Portada\",\"item\":\"https:\\\/\\\/espeltviticultors.com\\\/es\\\/\"},{\"@type\":\"ListItem\",\"position\":2,\"name\":\"Puntuaciones extras en la Gu\u00eda Pe\u00f1\u00edn 2025\"}]},{\"@type\":\"WebSite\",\"@id\":\"https:\\\/\\\/espeltviticultors.com\\\/#website\",\"url\":\"https:\\\/\\\/espeltviticultors.com\\\/\",\"name\":\"Espelt Viticultores\",\"description\":\"Vinos del Empord\u00e0 i enoturismo\",\"publisher\":{\"@id\":\"https:\\\/\\\/espeltviticultors.com\\\/#organization\"},\"potentialAction\":[{\"@type\":\"SearchAction\",\"target\":{\"@type\":\"EntryPoint\",\"urlTemplate\":\"https:\\\/\\\/espeltviticultors.com\\\/?s={search_term_string}\"},\"query-input\":{\"@type\":\"PropertyValueSpecification\",\"valueRequired\":true,\"valueName\":\"search_term_string\"}}],\"inLanguage\":\"es\"},{\"@type\":\"Organization\",\"@id\":\"https:\\\/\\\/espeltviticultors.com\\\/#organization\",\"name\":\"Espelt Viticultors - tienda online\",\"url\":\"https:\\\/\\\/espeltviticultors.com\\\/\",\"logo\":{\"@type\":\"ImageObject\",\"inLanguage\":\"es\",\"@id\":\"https:\\\/\\\/espeltviticultors.com\\\/#\\\/schema\\\/logo\\\/image\\\/\",\"url\":\"https:\\\/\\\/espeltviticultors.com\\\/wp-content\\\/uploads\\\/2021\\\/02\\\/logo_color_trasparent.png\",\"contentUrl\":\"https:\\\/\\\/espeltviticultors.com\\\/wp-content\\\/uploads\\\/2021\\\/02\\\/logo_color_trasparent.png\",\"width\":818,\"height\":272,\"caption\":\"Espelt Viticultors - tienda online\"},\"image\":{\"@id\":\"https:\\\/\\\/espeltviticultors.com\\\/#\\\/schema\\\/logo\\\/image\\\/\"},\"sameAs\":[\"https:\\\/\\\/www.facebook.com\\\/espelt.viticultors\",\"https:\\\/\\\/x.com\\\/CellerEspelt\",\"https:\\\/\\\/www.instagram.com\\\/cellerespelt\\\/\"]},{\"@type\":\"Person\",\"@id\":\"https:\\\/\\\/espeltviticultors.com\\\/#\\\/schema\\\/person\\\/5f5c9de012090df361fdb0b0040a15e1\",\"name\":\"Marina Planella\"}]}<\/script>\n<!-- \/ Yoast SEO Premium plugin. -->","yoast_head_json":{"title":"Puntuaciones extras en la Gu\u00eda Pe\u00f1\u00edn 2025 -","description":"Espelt Viticultors obtiene puntuaciones extras en la Gu\u00eda Pe\u00f1\u00edn 2025. Airam 94 puntos, Coma Bruna y Les Elies 93 puntos.","robots":{"index":"index","follow":"follow","max-snippet":"max-snippet:-1","max-image-preview":"max-image-preview:large","max-video-preview":"max-video-preview:-1"},"canonical":"https:\/\/espeltviticultors.com\/es\/puntuacions-extres-a-la-guia-penin-2025\/","og_locale":"es_ES","og_type":"article","og_title":"Puntuaciones extras en la Gu\u00eda Pe\u00f1\u00edn 2025","og_description":"Espelt Viticultors ha obtenido unas puntuaciones excepcionales en la prestigiosa Gu\u00eda Pe\u00f1\u00edn 2025, reafirmando su posici\u00f3n como referente en el mundo del","og_url":"https:\/\/espeltviticultors.com\/es\/puntuacions-extres-a-la-guia-penin-2025\/","og_site_name":"Espelt Viticultores","article_publisher":"https:\/\/www.facebook.com\/espelt.viticultors","article_published_time":"2024-07-31T11:30:29+00:00","article_modified_time":"2024-08-06T14:58:39+00:00","og_image":[{"width":680,"height":420,"url":"https:\/\/espeltviticultors.com\/wp-content\/uploads\/2024\/07\/pack-terres-negres-i-quinze-roures-680-x-420-px-2.jpg","type":"image\/jpeg"}],"author":"Marina Planella","twitter_card":"summary_large_image","twitter_creator":"@CellerEspelt","twitter_site":"@CellerEspelt","twitter_misc":{"Escrito por":"Marina Planella","Tiempo de lectura":"2 minutos"},"schema":{"@context":"https:\/\/schema.org","@graph":[{"@type":"Article","@id":"https:\/\/espeltviticultors.com\/es\/puntuacions-extres-a-la-guia-penin-2025\/#article","isPartOf":{"@id":"https:\/\/espeltviticultors.com\/es\/puntuacions-extres-a-la-guia-penin-2025\/"},"author":{"name":"Marina Planella","@id":"https:\/\/espeltviticultors.com\/#\/schema\/person\/5f5c9de012090df361fdb0b0040a15e1"},"headline":"Puntuaciones extras en la Gu\u00eda Pe\u00f1\u00edn 2025","datePublished":"2024-07-31T11:30:29+00:00","dateModified":"2024-08-06T14:58:39+00:00","mainEntityOfPage":{"@id":"https:\/\/espeltviticultors.com\/es\/puntuacions-extres-a-la-guia-penin-2025\/"},"wordCount":453,"publisher":{"@id":"https:\/\/espeltviticultors.com\/#organization"},"image":{"@id":"https:\/\/espeltviticultors.com\/es\/puntuacions-extres-a-la-guia-penin-2025\/#primaryimage"},"thumbnailUrl":"https:\/\/espeltviticultors.com\/wp-content\/uploads\/2024\/07\/pack-terres-negres-i-quinze-roures-680-x-420-px-2.jpg","articleSection":["Noticias","Reconocimientos"],"inLanguage":"es"},{"@type":"WebPage","@id":"https:\/\/espeltviticultors.com\/es\/puntuacions-extres-a-la-guia-penin-2025\/","url":"https:\/\/espeltviticultors.com\/es\/puntuacions-extres-a-la-guia-penin-2025\/","name":"Puntuaciones extras en la Gu\u00eda Pe\u00f1\u00edn 2025 -","isPartOf":{"@id":"https:\/\/espeltviticultors.com\/#website"},"primaryImageOfPage":{"@id":"https:\/\/espeltviticultors.com\/es\/puntuacions-extres-a-la-guia-penin-2025\/#primaryimage"},"image":{"@id":"https:\/\/espeltviticultors.com\/es\/puntuacions-extres-a-la-guia-penin-2025\/#primaryimage"},"thumbnailUrl":"https:\/\/espeltviticultors.com\/wp-content\/uploads\/2024\/07\/pack-terres-negres-i-quinze-roures-680-x-420-px-2.jpg","datePublished":"2024-07-31T11:30:29+00:00","dateModified":"2024-08-06T14:58:39+00:00","description":"Espelt Viticultors obtiene puntuaciones extras en la Gu\u00eda Pe\u00f1\u00edn 2025. Airam 94 puntos, Coma Bruna y Les Elies 93 puntos.","breadcrumb":{"@id":"https:\/\/espeltviticultors.com\/es\/puntuacions-extres-a-la-guia-penin-2025\/#breadcrumb"},"inLanguage":"es","potentialAction":[{"@type":"ReadAction","target":["https:\/\/espeltviticultors.com\/es\/puntuacions-extres-a-la-guia-penin-2025\/"]}]},{"@type":"ImageObject","inLanguage":"es","@id":"https:\/\/espeltviticultors.com\/es\/puntuacions-extres-a-la-guia-penin-2025\/#primaryimage","url":"https:\/\/espeltviticultors.com\/wp-content\/uploads\/2024\/07\/pack-terres-negres-i-quinze-roures-680-x-420-px-2.jpg","contentUrl":"https:\/\/espeltviticultors.com\/wp-content\/uploads\/2024\/07\/pack-terres-negres-i-quinze-roures-680-x-420-px-2.jpg","width":680,"height":420,"caption":"pe\u00f1in espelt 2025"},{"@type":"BreadcrumbList","@id":"https:\/\/espeltviticultors.com\/es\/puntuacions-extres-a-la-guia-penin-2025\/#breadcrumb","itemListElement":[{"@type":"ListItem","position":1,"name":"Portada","item":"https:\/\/espeltviticultors.com\/es\/"},{"@type":"ListItem","position":2,"name":"Puntuaciones extras en la Gu\u00eda Pe\u00f1\u00edn 2025"}]},{"@type":"WebSite","@id":"https:\/\/espeltviticultors.com\/#website","url":"https:\/\/espeltviticultors.com\/","name":"Espelt Viticultores","description":"Vinos del Empord\u00e0 i enoturismo","publisher":{"@id":"https:\/\/espeltviticultors.com\/#organization"},"potentialAction":[{"@type":"SearchAction","target":{"@type":"EntryPoint","urlTemplate":"https:\/\/espeltviticultors.com\/?s={search_term_string}"},"query-input":{"@type":"PropertyValueSpecification","valueRequired":true,"valueName":"search_term_string"}}],"inLanguage":"es"},{"@type":"Organization","@id":"https:\/\/espeltviticultors.com\/#organization","name":"Espelt Viticultors - tienda online","url":"https:\/\/espeltviticultors.com\/","logo":{"@type":"ImageObject","inLanguage":"es","@id":"https:\/\/espeltviticultors.com\/#\/schema\/logo\/image\/","url":"https:\/\/espeltviticultors.com\/wp-content\/uploads\/2021\/02\/logo_color_trasparent.png","contentUrl":"https:\/\/espeltviticultors.com\/wp-content\/uploads\/2021\/02\/logo_color_trasparent.png","width":818,"height":272,"caption":"Espelt Viticultors - tienda online"},"image":{"@id":"https:\/\/espeltviticultors.com\/#\/schema\/logo\/image\/"},"sameAs":["https:\/\/www.facebook.com\/espelt.viticultors","https:\/\/x.com\/CellerEspelt","https:\/\/www.instagram.com\/cellerespelt\/"]},{"@type":"Person","@id":"https:\/\/espeltviticultors.com\/#\/schema\/person\/5f5c9de012090df361fdb0b0040a15e1","name":"Marina Planella"}]}},"_links":{"self":[{"href":"https:\/\/espeltviticultors.com\/es\/wp-json\/wp\/v2\/posts\/8136","targetHints":{"allow":["GET"]}}],"collection":[{"href":"https:\/\/espeltviticultors.com\/es\/wp-json\/wp\/v2\/posts"}],"about":[{"href":"https:\/\/espeltviticultors.com\/es\/wp-json\/wp\/v2\/types\/post"}],"author":[{"embeddable":true,"href":"https:\/\/espeltviticultors.com\/es\/wp-json\/wp\/v2\/users\/2"}],"replies":[{"embeddable":true,"href":"https:\/\/espeltviticultors.com\/es\/wp-json\/wp\/v2\/comments?post=8136"}],"version-history":[{"count":5,"href":"https:\/\/espeltviticultors.com\/es\/wp-json\/wp\/v2\/posts\/8136\/revisions"}],"predecessor-version":[{"id":8195,"href":"https:\/\/espeltviticultors.com\/es\/wp-json\/wp\/v2\/posts\/8136\/revisions\/8195"}],"wp:featuredmedia":[{"embeddable":true,"href":"https:\/\/espeltviticultors.com\/es\/wp-json\/wp\/v2\/media\/8132"}],"wp:attachment":[{"href":"https:\/\/espeltviticultors.com\/es\/wp-json\/wp\/v2\/media?parent=8136"}],"wp:term":[{"taxonomy":"category","embeddable":true,"href":"https:\/\/espeltviticultors.com\/es\/wp-json\/wp\/v2\/categories?post=8136"},{"taxonomy":"post_tag","embeddable":true,"href":"https:\/\/espeltviticultors.com\/es\/wp-json\/wp\/v2\/tags?post=8136"}],"curies":[{"name":"wp","href":"https:\/\/api.w.org\/{rel}","templated":true}]}}